{"id":66728,"date":"2026-01-05T10:19:00","date_gmt":"2026-01-05T08:19:00","guid":{"rendered":"https:\/\/kvalitetvremena.com\/?p=66728"},"modified":"2026-01-05T10:19:00","modified_gmt":"2026-01-05T08:19:00","slug":"kada-se-zaborave-korijeni-prica-o-ocu-sinu-i-cijeni-laznog-uspjeha","status":"publish","type":"post","link":"https:\/\/vaterpolosrbija.rs\/?p=66728","title":{"rendered":"Kada se zaborave korijeni: pri\u010da o ocu, sinu i cijeni la\u017enog uspjeha"},"content":{"rendered":"\n<p>U savremenom dru\u0161tvu \u010desto se uspjeh mjeri onim \u0161to je vidljivo spolja. Velike ku\u0107e, skupi automobili, titule i polo\u017eaji postaju dokaz vrijednosti. Ipak, rijetko se govori o cijeni takvog uspjeha i o tome \u0161ta se izgubi kada se zaborave vlastiti korijeni. Ova pri\u010da govori upravo o tome kako \u017eelja za statusom mo\u017ee razoriti najdublje porodi\u010dne veze.<\/p>\n\n\n\n<p>Ovidiu je cijeli \u017eivot proveo rade\u0107i kao sto\u010dar. Njegovi dani zapo\u010dinjali su prije izlaska sunca, a zavr\u0161avali kasno uve\u010de. Ruke su mu bile grube od rada, le\u0111a povijena od tereta koji je nosio godinama, ali je u sebi nosio mir. Sve \u0161to je radio, radio je s jednim ciljem \u2013 da njegov sin Gabi ima bolji \u017eivot, da ne mora prolaziti kroz iste te\u0161ko\u0107e i da dobije priliku koju on nikada nije imao.<\/p>\n\n\n\n<p>Godinama je ulagao u zemlju, stoku i posao, odri\u010du\u0107i se odmora i komfora. Kada je Gabi oti\u0161ao na \u0161kolovanje, Ovidiu je bio ponosan. Kada je sin po\u010deo napredovati u karijeri, ponos je bio jo\u0161 ve\u0107i. Nije mu smetalo \u0161to se njihov svijet po\u010deo razlikovati, jer je vjerovao da su po\u0161tovanje i zahvalnost ja\u010di od razlika.<\/p>\n\n\n\n<p>Me\u0111utim, s vremenom se Gabi potpuno promijenio. U\u0161ao je u krug ljudi kojima su imid\u017e i javna slika bili va\u017eniji od porodi\u010dne pro\u0161losti. Vila u kojoj je sada \u017eivio bila je simbol njegovog uspjeha, ali i granica izme\u0111u onoga \u0161to je bio i onoga \u010dega se po\u010deo stidjeti. U tom svijetu, Ovidiu vi\u0161e nije imao mjesto.<\/p>\n\n\n\n<p>Sin je po\u010deo izbjegavati o\u010dev dolazak, a supruga Sabina otvoreno je pokazivala prezir prema njegovom jednostavnom izgledu i pona\u0161anju. Za nju, Ovidiu nije bio \u010dovjek koji je sve stvorio, ve\u0107 smetnja koja ne pripada luksuzu i ugla\u0111enim ve\u010derama. Njegova ti\u0161ina i skromnost nisu se uklapale u sliku savr\u0161enog \u017eivota koji su \u017eeljeli pokazati drugima.<\/p>\n\n\n\n<p>Dan kada je Ovidiu zamoljen da napusti vilu bio je prelomni trenutak. Nije bilo vike, niti velikih scena. Sve je re\u010deno hladno i distancirano, kao poslovna odluka. Gabi je govorio o odmoru, o tome da bi ocu bilo bolje negdje drugdje, ali iza tih rije\u010di krila se jasna poruka \u2013 vi\u0161e mu ne pripada.<\/p>\n\n\n\n<p>Ovidiu je to prihvatio mirno. Nije se branio, nije podsje\u0107ao na godine odricanja na na\u010din koji bi povrijedio sina. Samo je izgovorio istinu koja je nosila te\u017einu cijelog njegovog \u017eivota. Podsjetio ga je da je sve \u0161to ima nastalo iz blata, znoja i \u017ertve, a ne iz sjaja i titula.<\/p>\n\n\n\n<p>Njegovo posljednje pitanje sinu nije bilo optu\u017eba, ve\u0107 ogledalo. \u0160ta zna\u010di biti uspje\u0161an? Da li titula i bogatstvo bri\u0161u odgovornost prema onima koji su nas podigli? I mo\u017ee li se \u010dovjek smatrati velikim ako se stidi vlastitog porijekla?<\/p>\n\n\n\n<p>Ova pri\u010da nije samo o jednom ocu i sinu. Ona je podsjetnik svima nama da se vrijednosti ne mjere kvadratima, ra\u010dunima i polo\u017eajem. Pravo bogatstvo je u po\u0161tovanju, zahvalnosti i sposobnosti da se ne odreknemo onih koji su nas nau\u010dili prvim koracima.<\/p>\n\n\n\n<p>U trci za dru\u0161tvenim priznanjem, lako je izgubiti kompas. Ali kada se izgubi po\u0161tovanje prema roditeljima, gubi se i temelj na kojem je sve izgra\u0111eno. Jer uspjeh koji zahtijeva da se odreknemo svojih korijena, na kraju ostavlja prazninu koju nijedna vila ne mo\u017ee ispuniti.<\/p>\n","protected":false},"excerpt":{"rendered":"<p>U savremenom dru\u0161tvu \u010desto se uspjeh mjeri onim \u0161to je vidljivo spolja. Velike ku\u0107e, skupi automobili, titule i polo\u017eaji postaju dokaz vrijednosti. Ipak, rijetko se govori o cijeni takvog uspjeha i o tome \u0161ta se izgubi kada se zaborave vlastiti korijeni. Ova pri\u010da govori upravo o tome kako \u017eelja za statusom mo\u017ee razoriti najdublje porodi\u010dne [&hellip;]<\/p>\n","protected":false},"author":1,"featured_media":66729,"comment_status":"closed","ping_status":"closed","sticky":false,"template":"","format":"standard","meta":{"footnotes":""},"categories":[10],"tags":[],"class_list":["post-66728","post","type-post","status-publish","format-standard","has-post-thumbnail","hentry","category-zanimljivosti"],"_links":{"self":[{"href":"https:\/\/vaterpolosrbija.rs\/index.php?rest_route=\/wp\/v2\/posts\/66728","targetHints":{"allow":["GET"]}}],"collection":[{"href":"https:\/\/vaterpolosrbija.rs\/index.php?rest_route=\/wp\/v2\/posts"}],"about":[{"href":"https:\/\/vaterpolosrbija.rs\/index.php?rest_route=\/wp\/v2\/types\/post"}],"author":[{"embeddable":true,"href":"https:\/\/vaterpolosrbija.rs\/index.php?rest_route=\/wp\/v2\/users\/1"}],"replies":[{"embeddable":true,"href":"https:\/\/vaterpolosrbija.rs\/index.php?rest_route=%2Fwp%2Fv2%2Fcomments&post=66728"}],"version-history":[{"count":0,"href":"https:\/\/vaterpolosrbija.rs\/index.php?rest_route=\/wp\/v2\/posts\/66728\/revisions"}],"wp:featuredmedia":[{"embeddable":true,"href":"https:\/\/vaterpolosrbija.rs\/index.php?rest_route=\/wp\/v2\/media\/66729"}],"wp:attachment":[{"href":"https:\/\/vaterpolosrbija.rs\/index.php?rest_route=%2Fwp%2Fv2%2Fmedia&parent=66728"}],"wp:term":[{"taxonomy":"category","embeddable":true,"href":"https:\/\/vaterpolosrbija.rs\/index.php?rest_route=%2Fwp%2Fv2%2Fcategories&post=66728"},{"taxonomy":"post_tag","embeddable":true,"href":"https:\/\/vaterpolosrbija.rs\/index.php?rest_route=%2Fwp%2Fv2%2Ftags&post=66728"}],"curies":[{"name":"wp","href":"https:\/\/api.w.org\/{rel}","templated":true}]}}