{"id":66725,"date":"2026-01-05T10:15:47","date_gmt":"2026-01-05T08:15:47","guid":{"rendered":"https:\/\/kvalitetvremena.com\/?p=66725"},"modified":"2026-01-05T10:15:47","modified_gmt":"2026-01-05T08:15:47","slug":"hrabrost-nema-godine-kako-je-jedan-poziv-spasio-porodicu-od-tragedije","status":"publish","type":"post","link":"https:\/\/vaterpolosrbija.rs\/?p=66725","title":{"rendered":"Hrabrost nema godine: kako je jedan poziv spasio porodicu od tragedije"},"content":{"rendered":"\n<p>U svijetu u kojem se \u010desto govori o herojima kao o sna\u017enim odraslim ljudima, ova pri\u010da podsje\u0107a da hrabrost nema veze s godinama, fizi\u010dkom snagom ili iskustvom. Ponekad dolazi iz najneo\u010dekivanijeg mjesta, iz dje\u010dije sobe, u trenutku straha i nesigurnosti. Ovo je pri\u010da o sedmogodi\u0161njem dje\u010daku koji je poslu\u0161ao svoj instinkt i uradio ono \u0161to je smatrao ispravnim.<\/p>\n\n\n\n<p>Sedmogodi\u0161nji Liam bio je kod ku\u0107e sa svojom starijom sestrom Miom i o\u010duhom. Sve je izgledalo kao obi\u010dan dan, bez nagovje\u0161taja da \u0107e se dogoditi ne\u0161to \u0161to \u0107e promijeniti tok ve\u010deri. U jednom trenutku, iz sobe njegove tinejd\u017eerske sestre za\u010duli su se jaki krici. Za dijete njegovih godina, takvi zvukovi izazivaju paniku, ali i sna\u017ean osje\u0107aj da se de\u0161ava ne\u0161to ozbiljno.<\/p>\n\n\n\n<p>Liam nije u potpunosti razumio \u0161ta se doga\u0111a, ali je znao jedno \u2013 njegova sestra je upla\u0161ena i treba pomo\u0107. \u010cuo je njen glas, pla\u010d i dozivanje. Vidio je o\u010duha kako poku\u0161ava da je umiri, ali zbunjenost i haos u tom trenutku bili su preveliki da bi dje\u010dak mogao biti siguran da je sve pod kontrolom.<\/p>\n\n\n\n<p>Upravo tada je donio odluku koja je pokazala nevjerovatnu zrelost. Uzeo je telefon i pozvao hitnu pomo\u0107. Glas mu je drhtao, ali je uspio objasniti da mu sestra vri\u0161ti i da ne zna \u0161ta se de\u0161ava. Operater ga je smirivao i dao jasne upute da ostane na liniji i da policija i medicinska pomo\u0107 sti\u017eu.<\/p>\n\n\n\n<p>Slu\u017ebe su reagovale brzo. Kada su policajci stigli, Liam ih je, vidno uznemiren, odveo do sobe svoje sestre. U tom trenutku, situacija je djelovala dramati\u010dno i zbunjuju\u0107e. Mia je bila na podu, u bolovima, dok je o\u010duh poku\u0161avao da joj pomogne i umiri je.<\/p>\n\n\n\n<p>Nakon kratkog pregleda i razgovora, postalo je jasno \u0161ta se zapravo dogodilo. Mia je pala s kreveta i zadobila ozbiljnu povredu noge. Bol i strah izazvali su sna\u017enu reakciju, a o\u010duh je bio uz nju kako bi joj pomogao dok nije stigla stru\u010dna pomo\u0107. Medicinari su potvrdili prelom i odmah su je zbrinuli.<\/p>\n\n\n\n<p>Iako je situacija na prvi pogled djelovala zastra\u0161uju\u0107e, ispostavilo se da nije bilo nikakve namjere da se ikome naudi. Ipak, ono \u0161to ostaje klju\u010dno jeste \u010dinjenica da je Liam postupio ispravno. Da nije reagovao, povreda je mogla ostati bez pravovremene pomo\u0107i, a bol i rizik za njegovu sestru bili bi mnogo ve\u0107i.<\/p>\n\n\n\n<p>Ova pri\u010da nosi va\u017enu poruku za roditelje, staratelje i djecu. Djecu treba u\u010diti da slu\u0161aju svoj osje\u0107aj, da znaju kome se obratiti i da poziv za pomo\u0107 nikada nije gre\u0161ka kada postoji sumnja da je neko u opasnosti. Bolje je reagovati na vrijeme nego kasnije \u017ealiti zbog ne\u010dinjenja.<\/p>\n\n\n\n<p>Liam nije razmi\u0161ljao o posljedicama, niti o tome da li \u0107e neko pogre\u0161no protuma\u010diti situaciju. Vodila ga je briga za sestru. Upravo u tome le\u017ei njegova hrabrost. Njegov postupak pokazuje da i mala djeca mogu donijeti velike odluke kada su vo\u0111ena empatijom i odgovorno\u0161\u0107u.<\/p>\n\n\n\n<p>Na kraju, ova pri\u010da ne govori o \u0161oku i drami, ve\u0107 o va\u017enosti pa\u017enje, povjerenja i brzog reagovanja. U\u010di nas da sigurnost uvijek treba biti na prvom mjestu i da nikada ne treba potcijeniti glas djeteta koje tra\u017ei pomo\u0107. Jer ponekad upravo taj glas mo\u017ee napraviti presudnu razliku.<\/p>\n","protected":false},"excerpt":{"rendered":"<p>U svijetu u kojem se \u010desto govori o herojima kao o sna\u017enim odraslim ljudima, ova pri\u010da podsje\u0107a da hrabrost nema veze s godinama, fizi\u010dkom snagom ili iskustvom. Ponekad dolazi iz najneo\u010dekivanijeg mjesta, iz dje\u010dije sobe, u trenutku straha i nesigurnosti. Ovo je pri\u010da o sedmogodi\u0161njem dje\u010daku koji je poslu\u0161ao svoj instinkt i uradio ono \u0161to [&hellip;]<\/p>\n","protected":false},"author":1,"featured_media":66726,"comment_status":"closed","ping_status":"closed","sticky":false,"template":"","format":"standard","meta":{"footnotes":""},"categories":[10],"tags":[],"class_list":["post-66725","post","type-post","status-publish","format-standard","has-post-thumbnail","hentry","category-zanimljivosti"],"_links":{"self":[{"href":"https:\/\/vaterpolosrbija.rs\/index.php?rest_route=\/wp\/v2\/posts\/66725","targetHints":{"allow":["GET"]}}],"collection":[{"href":"https:\/\/vaterpolosrbija.rs\/index.php?rest_route=\/wp\/v2\/posts"}],"about":[{"href":"https:\/\/vaterpolosrbija.rs\/index.php?rest_route=\/wp\/v2\/types\/post"}],"author":[{"embeddable":true,"href":"https:\/\/vaterpolosrbija.rs\/index.php?rest_route=\/wp\/v2\/users\/1"}],"replies":[{"embeddable":true,"href":"https:\/\/vaterpolosrbija.rs\/index.php?rest_route=%2Fwp%2Fv2%2Fcomments&post=66725"}],"version-history":[{"count":0,"href":"https:\/\/vaterpolosrbija.rs\/index.php?rest_route=\/wp\/v2\/posts\/66725\/revisions"}],"wp:featuredmedia":[{"embeddable":true,"href":"https:\/\/vaterpolosrbija.rs\/index.php?rest_route=\/wp\/v2\/media\/66726"}],"wp:attachment":[{"href":"https:\/\/vaterpolosrbija.rs\/index.php?rest_route=%2Fwp%2Fv2%2Fmedia&parent=66725"}],"wp:term":[{"taxonomy":"category","embeddable":true,"href":"https:\/\/vaterpolosrbija.rs\/index.php?rest_route=%2Fwp%2Fv2%2Fcategories&post=66725"},{"taxonomy":"post_tag","embeddable":true,"href":"https:\/\/vaterpolosrbija.rs\/index.php?rest_route=%2Fwp%2Fv2%2Ftags&post=66725"}],"curies":[{"name":"wp","href":"https:\/\/api.w.org\/{rel}","templated":true}]}}