{"id":66676,"date":"2026-01-03T23:19:27","date_gmt":"2026-01-03T21:19:27","guid":{"rendered":"https:\/\/kvalitetvremena.com\/?p=66676"},"modified":"2026-01-03T23:19:27","modified_gmt":"2026-01-03T21:19:27","slug":"da-li-je-istekla-konzerva-zaista-opasna","status":"publish","type":"post","link":"https:\/\/vaterpolosrbija.rs\/?p=66676","title":{"rendered":"Da li je istekla konzerva zaista opasna?"},"content":{"rendered":"\n<p>Ve\u0107ina datuma na konzervama se odnosi na <strong>kvalitet<\/strong>, a ne na bezbednost.<\/p>\n\n\n\n<ul class=\"wp-block-list\">\n<li><strong>\u201cNajbolje upotrebiti do \/ pre\u201d<\/strong> \u2013 ozna\u010dava kada hrana ima najbolji ukus, boju i teksturu. Hrana mo\u017ee biti i dalje bezbedna nakon tog datuma.<\/li>\n\n\n\n<li><strong>\u201cUpotrebiti do\u201d<\/strong> \u2013 koristi se kod lako kvarljive hrane (mleko, meso, hrana za bebe) i odnosi se na bezbednost.<\/li>\n<\/ul>\n\n\n\n<hr class=\"wp-block-separator has-alpha-channel-opacity\"\/>\n\n\n\n<h3 class=\"wp-block-heading\"><strong>Rok trajanja konzervirane hrane<\/strong><\/h3>\n\n\n\n<ul class=\"wp-block-list\">\n<li>\u010cuvana na hladnom i suvom mestu, ve\u0107ina konzervi mo\u017ee trajati <strong>1\u20135 godina<\/strong> nakon isteka datuma.<\/li>\n\n\n\n<li>Hrana <strong>visokog sadr\u017eaja kiseline<\/strong> (paradajz, vo\u0107e) traje kra\u0107e.<\/li>\n\n\n\n<li>Hrana <strong>niskog sadr\u017eaja kiseline<\/strong> (pasulj, kukuruz, konzervirano meso) mo\u017ee trajati i vi\u0161e od 10 godina.<\/li>\n<\/ul>\n\n\n\n<hr class=\"wp-block-separator has-alpha-channel-opacity\"\/>\n\n\n\n<h3 class=\"wp-block-heading\"><strong>Znakovi da konzerva vi\u0161e nije bezbedna<\/strong><\/h3>\n\n\n\n<p>Bacite konzervu ako primetite:<\/p>\n\n\n\n<ul class=\"wp-block-list\">\n<li>Naduvan ili ispup\u010den poklopac<\/li>\n\n\n\n<li>Curenje ili jaka r\u0111a<\/li>\n\n\n\n<li>Duboka udubljenja, naro\u010dito na ivicama<\/li>\n\n\n\n<li>Neobi\u010dan miris, boju ili sadr\u017eaj koji \u0161iklja pri otvaranju<\/li>\n<\/ul>\n\n\n\n<p>Ako ste u nedoumici, <strong>ne rizikujte<\/strong> \u2013 bolje baciti nego probati.<\/p>\n\n\n\n<hr class=\"wp-block-separator has-alpha-channel-opacity\"\/>\n\n\n\n<h3 class=\"wp-block-heading\"><strong>Za\u0161to je ovo va\u017eno<\/strong><\/h3>\n\n\n\n<ul class=\"wp-block-list\">\n<li>Milioni tona hrane se bacaju zbog pogre\u0161nog tuma\u010denja datuma.<\/li>\n\n\n\n<li>Pravilnim skladi\u0161tenjem i proverom konzerva mo\u017eete:\n<ul class=\"wp-block-list\">\n<li>Smanjiti bacanje hrane<\/li>\n\n\n\n<li>U\u0161tedeti novac<\/li>\n\n\n\n<li>Doprineti odr\u017eivijem \u017eivotu<\/li>\n<\/ul>\n<\/li>\n<\/ul>\n\n\n\n<p><strong>Zaklju\u010dak:<\/strong> istekli datum ne zna\u010di automatski opasnost. Proverite konzervu, a kada ste nesigurni \u2013 izaberite sigurnu opciju i bacite je.<\/p>\n","protected":false},"excerpt":{"rendered":"<p>Ve\u0107ina datuma na konzervama se odnosi na kvalitet, a ne na bezbednost. Rok trajanja konzervirane hrane Znakovi da konzerva vi\u0161e nije bezbedna Bacite konzervu ako primetite: Ako ste u nedoumici, ne rizikujte \u2013 bolje baciti nego probati. Za\u0161to je ovo va\u017eno Zaklju\u010dak: istekli datum ne zna\u010di automatski opasnost. Proverite konzervu, a kada ste nesigurni \u2013 [&hellip;]<\/p>\n","protected":false},"author":1,"featured_media":66677,"comment_status":"closed","ping_status":"closed","sticky":false,"template":"","format":"standard","meta":{"footnotes":""},"categories":[12],"tags":[],"class_list":["post-66676","post","type-post","status-publish","format-standard","has-post-thumbnail","hentry","category-ispovijest"],"_links":{"self":[{"href":"https:\/\/vaterpolosrbija.rs\/index.php?rest_route=\/wp\/v2\/posts\/66676","targetHints":{"allow":["GET"]}}],"collection":[{"href":"https:\/\/vaterpolosrbija.rs\/index.php?rest_route=\/wp\/v2\/posts"}],"about":[{"href":"https:\/\/vaterpolosrbija.rs\/index.php?rest_route=\/wp\/v2\/types\/post"}],"author":[{"embeddable":true,"href":"https:\/\/vaterpolosrbija.rs\/index.php?rest_route=\/wp\/v2\/users\/1"}],"replies":[{"embeddable":true,"href":"https:\/\/vaterpolosrbija.rs\/index.php?rest_route=%2Fwp%2Fv2%2Fcomments&post=66676"}],"version-history":[{"count":0,"href":"https:\/\/vaterpolosrbija.rs\/index.php?rest_route=\/wp\/v2\/posts\/66676\/revisions"}],"wp:featuredmedia":[{"embeddable":true,"href":"https:\/\/vaterpolosrbija.rs\/index.php?rest_route=\/wp\/v2\/media\/66677"}],"wp:attachment":[{"href":"https:\/\/vaterpolosrbija.rs\/index.php?rest_route=%2Fwp%2Fv2%2Fmedia&parent=66676"}],"wp:term":[{"taxonomy":"category","embeddable":true,"href":"https:\/\/vaterpolosrbija.rs\/index.php?rest_route=%2Fwp%2Fv2%2Fcategories&post=66676"},{"taxonomy":"post_tag","embeddable":true,"href":"https:\/\/vaterpolosrbija.rs\/index.php?rest_route=%2Fwp%2Fv2%2Ftags&post=66676"}],"curies":[{"name":"wp","href":"https:\/\/api.w.org\/{rel}","templated":true}]}}