{"id":66660,"date":"2026-01-03T13:12:44","date_gmt":"2026-01-03T11:12:44","guid":{"rendered":"https:\/\/kvalitetvremena.com\/?p=66660"},"modified":"2026-01-03T13:12:44","modified_gmt":"2026-01-03T11:12:44","slug":"kada-je-ustala-i-otisla-prica-o-majci-koja-je-izabrala-dijete-iako-je-cijela-porodica-bila-protiv-nje","status":"publish","type":"post","link":"https:\/\/vaterpolosrbija.rs\/?p=66660","title":{"rendered":"Kada je ustala i oti\u0161la: Pri\u010da o majci koja je izabrala dijete, iako je cijela porodica bila protiv nje"},"content":{"rendered":"\n<p>Postoje trenuci u \u017eivotu kada shvatimo da \u0161utnja vi\u0161e nije opcija. Trenuci kada ljubav prema djetetu mora biti ja\u010da od straha, navike i lojalnosti prema porodici. Upravo takav trenutak do\u017eivjela je \u017eena \u010dija pri\u010da danas sna\u017eno odjekuje, jer pokazuje da prava snaga ne le\u017ei u glasnim sukobima, ve\u0107 u hrabrosti da se okrenemo i odemo \u2013 zbog onih koje volimo.<\/p>\n\n\n\n<h3 class=\"wp-block-heading\">Porodica u kojoj je dostojanstvo imalo cijenu<\/h3>\n\n\n\n<p>Odrasla je u porodici u kojoj su pravila bila jasna, ali hladna. Otac je bio autoritet kojem se nije protivrje\u010dilo, a sestra Petra osoba kojoj je materijalni status bio va\u017eniji od empatije. U takvom okru\u017eenju, slabost se nije pra\u0161tala, a druga\u010diji su se tolerisali samo dok ne postanu \u201eproblem\u201c.<\/p>\n\n\n\n<p>Njen sin Luka imao je sedam godina. Bio je tiho, osje\u0107ajno dijete, koje je vi\u0161e voljelo crtati nego se nametati. Na jednom porodi\u010dnom okupljanju, u dje\u010djoj neopreznosti, slu\u010dajno je o\u0161tetio haljinu svoje tete Petre. Ono \u0161to je moglo biti rije\u0161eno jednom re\u010denicom i malo razumijevanja, pretvorilo se u trenutak koji \u0107e zauvijek promijeniti njihove \u017eivote.<\/p>\n\n\n\n<h3 class=\"wp-block-heading\">Trenutak koji se ne zaboravlja<\/h3>\n\n\n\n<p>Petra je reagovala naglo i neprimjereno, a Luka je ostao upla\u0161en i uplakan. Umjesto da odrasli za\u0161tite dijete, situacija se dodatno pogor\u0161ala. Otac je hladno izgovorio rije\u010di koje nijedno dijete ne bi smjelo \u010duti \u2013 da bi trebao biti zahvalan \u0161to uop\u0107e ima mjesto u toj ku\u0107i.<\/p>\n\n\n\n<p>U tom trenutku, \u017eena je shvatila ne\u0161to bolno, ali jasno: to nije bila porodica koja \u0107e \u0161tititi njeno dijete.<\/p>\n\n\n\n<h3 class=\"wp-block-heading\">Snaga bez vike i sukoba<\/h3>\n\n\n\n<p>Nije vikala. Nije uzvratila uvrede. Nije zapo\u010dela raspravu. Samo je pri\u0161la, podigla sina u naru\u010dje i tiho mu rekla da je sve u redu. Kada ju je Luka, kroz suze, pitao:<br>\u201eMama, za\u0161to me mrze?\u201c<br>odgovorila mu je re\u010denicom koju \u0107e pamtiti cijeli \u017eivot:<br><strong>\u201eOni ne odlu\u010duju koliko vrijedi\u0161.\u201c<\/strong><\/p>\n\n\n\n<p>Taj trenutak ti\u0161ine bio je sna\u017eniji od bilo koje sva\u0111e. Bio je to trenutak u kojem je majka izabrala dijete \u2013 bez kompromisa.<\/p>\n\n\n\n<h3 class=\"wp-block-heading\">Prvi korak ka slobodi<\/h3>\n\n\n\n<p>Te ve\u010deri nije se vratila. Sutradan je povukla potez koji je dugo odlagala \u2013 kontaktirala je odvjetnika svog pokojnog djeda i po\u010dela rje\u0161avati pravne i imovinske odnose koji su je godinama dr\u017eali vezanom za porodicu koja joj nije pru\u017eala sigurnost.<\/p>\n\n\n\n<p>Nije to bila osveta. Bila je to za\u0161tita.<\/p>\n\n\n\n<p>Po prvi put u \u017eivotu, prestala je tra\u017eiti odobrenje i po\u010dela preuzimati odgovornost za sebe i svoje dijete.<\/p>\n\n\n\n<h3 class=\"wp-block-heading\">Lekcija koja ostaje<\/h3>\n\n\n\n<p>Ova pri\u010da ne govori o mr\u017enji, ve\u0107 o granicama. Ne govori o kazni, ve\u0107 o osloba\u0111anju. Podsje\u0107a nas da roditeljstvo ponekad zna\u010di donijeti odluke koje \u0107e drugi osu\u0111ivati, ali koje su nu\u017ene za dobrobit djeteta.<\/p>\n\n\n\n<p>Prava mo\u0107 nije u tome da pobijedimo druge, ve\u0107 da prepoznamo trenutak kada moramo oti\u0107i.<\/p>\n\n\n\n<h3 class=\"wp-block-heading\">Zaklju\u010dak<\/h3>\n\n\n\n<p>Svako dijete zaslu\u017euje sigurnost, po\u0161tovanje i ljubav \u2013 bez uslova. A svaki roditelj ima pravo, i obavezu, da to osigura, \u010dak i ako to zna\u010di okrenuti le\u0111a onima koji su nas odgajali.<\/p>\n\n\n\n<p>Jer porodica nije uvijek tamo gdje smo ro\u0111eni.<br>Porodica je tamo gdje smo za\u0161ti\u0107eni.<\/p>\n","protected":false},"excerpt":{"rendered":"<p>Postoje trenuci u \u017eivotu kada shvatimo da \u0161utnja vi\u0161e nije opcija. Trenuci kada ljubav prema djetetu mora biti ja\u010da od straha, navike i lojalnosti prema porodici. Upravo takav trenutak do\u017eivjela je \u017eena \u010dija pri\u010da danas sna\u017eno odjekuje, jer pokazuje da prava snaga ne le\u017ei u glasnim sukobima, ve\u0107 u hrabrosti da se okrenemo i odemo [&hellip;]<\/p>\n","protected":false},"author":1,"featured_media":66661,"comment_status":"closed","ping_status":"closed","sticky":false,"template":"","format":"standard","meta":{"footnotes":""},"categories":[10],"tags":[],"class_list":["post-66660","post","type-post","status-publish","format-standard","has-post-thumbnail","hentry","category-zanimljivosti"],"_links":{"self":[{"href":"https:\/\/vaterpolosrbija.rs\/index.php?rest_route=\/wp\/v2\/posts\/66660","targetHints":{"allow":["GET"]}}],"collection":[{"href":"https:\/\/vaterpolosrbija.rs\/index.php?rest_route=\/wp\/v2\/posts"}],"about":[{"href":"https:\/\/vaterpolosrbija.rs\/index.php?rest_route=\/wp\/v2\/types\/post"}],"author":[{"embeddable":true,"href":"https:\/\/vaterpolosrbija.rs\/index.php?rest_route=\/wp\/v2\/users\/1"}],"replies":[{"embeddable":true,"href":"https:\/\/vaterpolosrbija.rs\/index.php?rest_route=%2Fwp%2Fv2%2Fcomments&post=66660"}],"version-history":[{"count":0,"href":"https:\/\/vaterpolosrbija.rs\/index.php?rest_route=\/wp\/v2\/posts\/66660\/revisions"}],"wp:featuredmedia":[{"embeddable":true,"href":"https:\/\/vaterpolosrbija.rs\/index.php?rest_route=\/wp\/v2\/media\/66661"}],"wp:attachment":[{"href":"https:\/\/vaterpolosrbija.rs\/index.php?rest_route=%2Fwp%2Fv2%2Fmedia&parent=66660"}],"wp:term":[{"taxonomy":"category","embeddable":true,"href":"https:\/\/vaterpolosrbija.rs\/index.php?rest_route=%2Fwp%2Fv2%2Fcategories&post=66660"},{"taxonomy":"post_tag","embeddable":true,"href":"https:\/\/vaterpolosrbija.rs\/index.php?rest_route=%2Fwp%2Fv2%2Ftags&post=66660"}],"curies":[{"name":"wp","href":"https:\/\/api.w.org\/{rel}","templated":true}]}}