{"id":66641,"date":"2026-01-02T22:05:01","date_gmt":"2026-01-02T20:05:01","guid":{"rendered":"https:\/\/kvalitetvremena.com\/?p=66641"},"modified":"2026-01-02T22:05:01","modified_gmt":"2026-01-02T20:05:01","slug":"majcin-instinkt-koji-je-sprecio-nezamislivu-gresku","status":"publish","type":"post","link":"https:\/\/vaterpolosrbija.rs\/?p=66641","title":{"rendered":"Maj\u010din instinkt koji je spre\u010dio nezamislivu gre\u0161ku"},"content":{"rendered":"\n<p>Moja supruga i ja godinama smo sanjali ovaj trenutak. Borbe, razo\u010daranja i tihe molitve koje niko nije \u010duo \u2014 verovali smo da \u0107e se sve zavr\u0161iti tog dana. Dok je porodica \u010dekala ispred sale, stajao sam uko\u010den, rastrzan izme\u0111u straha i nade, uveren da \u0107e, \u010dim se za\u010duje prvi pla\u010d, sve kona\u010dno do\u0107i na svoje mesto.<\/p>\n\n\n\n<p>Kada se beba oglasila, osetio sam olak\u0161anje kakvo nikada ranije nisam do\u017eiveo. Srce mi se smirilo. Pomislio sam: gotovo je, uspeli smo.<\/p>\n\n\n\n<p>A onda je ti\u0161inu presekao glas moje \u017eene.<\/p>\n\n\n\n<p>\u201eTo nije moja beba. To nije moja beba.\u201c<\/p>\n\n\n\n<p>Plakala je dok su joj suze tekle niz lice. Medicinska sestra poku\u0161avala je da je umiri, govore\u0107i da je sve u redu, ali moja supruga je odmahivala glavom, ponavljaju\u0107i da ne\u0161to nije kako treba.<\/p>\n\n\n\n<p>U sali je zavladala neprijatna ti\u0161ina. Doktor mi je gestom pokazao da pri\u0111em. Pitao sam je \u0161ta se de\u0161ava, ali nije odgovarala \u2014 samo je gledala ispred sebe, drhte\u0107i, kao da vidi ne\u0161to \u0161to niko drugi ne prime\u0107uje.<\/p>\n\n\n\n<p>Spustio sam pogled na bebu.<\/p>\n\n\n\n<p>I tada sam shvatio da se ova pri\u010da ne\u0107e zavr\u0161iti onako kako smo je godinama zami\u0161ljali.<\/p>\n\n\n\n<p>Pri\u0161ao sam bli\u017ee. Srce mi je sna\u017eno lupalo dok sam posmatrao dete, poku\u0161avaju\u0107i da razumem ono \u0161to ni sam nisam mogao jasno da objasnim. Beba je bila mirna, ali ose\u0107aj nelagode nije nestajao. Nisam znao da li govori strah ili instinkt.<\/p>\n\n\n\n<p>Moja supruga je tada tiho progovorila. Glas joj vi\u0161e nije bio pani\u010dan, ve\u0107 slomljen. Ispri\u010dala mi je da je tokom trudno\u0107e imala ponavljaju\u0107i san \u2014 u kojem joj neko odnosi bebu i vra\u0107a drugo dete, govore\u0107i da se \u201eni\u0161ta ne\u0107e primetiti\u201c. Nikada mi to ranije nije spomenula, bojala se da \u0107e je smatrati nerazumnom.<\/p>\n\n\n\n<p>Lekari su se pogledali. Jedan od njih je predlo\u017eio dodatni, rutinski pregled.<\/p>\n\n\n\n<p>Taj pregled trajao je mnogo du\u017ee nego \u0161to smo o\u010dekivali. Pozvali su jo\u0161 jednu sestru, zatim pedijatra. Atmosfera se promenila, a mi smo zamoljeni da sa\u010dekamo u susednoj prostoriji.<\/p>\n\n\n\n<p>Posle skoro sat vremena, doktor je seo naspram nas.<\/p>\n\n\n\n<p>Objasnio je da beba ima redak genetski marker koji ni moja supruga ni ja ne nosimo \u2014 ne\u0161to \u0161to se, u praksi, mo\u017ee pojaviti samo u slu\u010daju zamene ili administrativne gre\u0161ke.<\/p>\n\n\n\n<p>Bolnica je odmah pokrenula internu proveru. Pregledani su zapisi, dokumentacija i ta\u010dna vremena poro\u0111aja. U tom trenutku vi\u0161e nisam znao da li da se nadam da je sve nesporazum ili da prihvatim ono \u010dega sam se najvi\u0161e pla\u0161io.<\/p>\n\n\n\n<p>Istina je ubrzo potvr\u0111ena.<\/p>\n\n\n\n<p>Dve \u017eene su se pora\u0111ale gotovo u isto vreme, u susednim salama. Tokom promene smene do\u0161lo je do kratke, ali ozbiljne gre\u0161ke \u2014 bebe su zamenjene na nekoliko minuta. Dovoljno da pogre\u0161no dete bude doneto mojoj supruzi.<\/p>\n\n\n\n<p>Gre\u0161ka koja bi mo\u017eda ostala neprime\u0107ena da ona nije poslu\u0161ala svoj instinkt.<\/p>\n\n\n\n<p>Kada su nam doneli na\u0161e pravo dete, moja supruga je zaplakala \u2014 ne od straha, ve\u0107 od prepoznavanja.<\/p>\n\n\n\n<p>\u201eOvo je ona\u201c, \u0161apnula je, privijaju\u0107i bebu uz sebe.<\/p>\n\n\n\n<p>Bolnica se izvinila i preduzela sve potrebne korake. Druga porodica je, sre\u0107om, tako\u0111e brzo dobila svoje dete. Ali sat vremena neizvesnosti ostalo je zauvek urezano u na\u0161im se\u0107anjima.<\/p>\n\n\n\n<p>Danas, dok gledam na\u0161u \u0107erku kako mirno spava, \u010desto se setim tog trenutka. Moja supruga se dugo oporavljala \u2014 ne fizi\u010dki, ve\u0107 od ose\u0107aja da joj u tom klju\u010dnom trenutku niko nije verovao.<\/p>\n\n\n\n<p>A ja sam nau\u010dio lekciju koju nikada ne\u0107u zaboraviti:<\/p>\n\n\n\n<p>Ponekad najve\u0107a hrabrost nije u tome da ostane\u0161 miran \u2014 ve\u0107 da ka\u017ee\u0161 \u201ene\u0161to nije u redu\u201c, \u010dak i kada ti svi govore da gre\u0161i\u0161.<\/p>\n","protected":false},"excerpt":{"rendered":"<p>Moja supruga i ja godinama smo sanjali ovaj trenutak. Borbe, razo\u010daranja i tihe molitve koje niko nije \u010duo \u2014 verovali smo da \u0107e se sve zavr\u0161iti tog dana. Dok je porodica \u010dekala ispred sale, stajao sam uko\u010den, rastrzan izme\u0111u straha i nade, uveren da \u0107e, \u010dim se za\u010duje prvi pla\u010d, sve kona\u010dno do\u0107i na svoje [&hellip;]<\/p>\n","protected":false},"author":1,"featured_media":66642,"comment_status":"closed","ping_status":"closed","sticky":false,"template":"","format":"standard","meta":{"footnotes":""},"categories":[12],"tags":[],"class_list":["post-66641","post","type-post","status-publish","format-standard","has-post-thumbnail","hentry","category-ispovijest"],"_links":{"self":[{"href":"https:\/\/vaterpolosrbija.rs\/index.php?rest_route=\/wp\/v2\/posts\/66641","targetHints":{"allow":["GET"]}}],"collection":[{"href":"https:\/\/vaterpolosrbija.rs\/index.php?rest_route=\/wp\/v2\/posts"}],"about":[{"href":"https:\/\/vaterpolosrbija.rs\/index.php?rest_route=\/wp\/v2\/types\/post"}],"author":[{"embeddable":true,"href":"https:\/\/vaterpolosrbija.rs\/index.php?rest_route=\/wp\/v2\/users\/1"}],"replies":[{"embeddable":true,"href":"https:\/\/vaterpolosrbija.rs\/index.php?rest_route=%2Fwp%2Fv2%2Fcomments&post=66641"}],"version-history":[{"count":0,"href":"https:\/\/vaterpolosrbija.rs\/index.php?rest_route=\/wp\/v2\/posts\/66641\/revisions"}],"wp:featuredmedia":[{"embeddable":true,"href":"https:\/\/vaterpolosrbija.rs\/index.php?rest_route=\/wp\/v2\/media\/66642"}],"wp:attachment":[{"href":"https:\/\/vaterpolosrbija.rs\/index.php?rest_route=%2Fwp%2Fv2%2Fmedia&parent=66641"}],"wp:term":[{"taxonomy":"category","embeddable":true,"href":"https:\/\/vaterpolosrbija.rs\/index.php?rest_route=%2Fwp%2Fv2%2Fcategories&post=66641"},{"taxonomy":"post_tag","embeddable":true,"href":"https:\/\/vaterpolosrbija.rs\/index.php?rest_route=%2Fwp%2Fv2%2Ftags&post=66641"}],"curies":[{"name":"wp","href":"https:\/\/api.w.org\/{rel}","templated":true}]}}