{"id":66626,"date":"2026-01-02T17:47:13","date_gmt":"2026-01-02T15:47:13","guid":{"rendered":"https:\/\/kvalitetvremena.com\/?p=66626"},"modified":"2026-01-02T17:47:13","modified_gmt":"2026-01-02T15:47:13","slug":"burni-pocetak-2026-godine-januar-donosi-ekstremne-padavine-i-nagle-vremenske-preokrete","status":"publish","type":"post","link":"https:\/\/vaterpolosrbija.rs\/?p=66626","title":{"rendered":"Burni po\u010detak 2026. godine: Januar donosi ekstremne padavine i nagle vremenske preokrete"},"content":{"rendered":"\n<p>Nova godina u Bosni i Hercegovini ne po\u010dinje mirno. Ve\u0107 u prvim danima januara 2026. o\u010dekuje se izra\u017eena promjena vremenskih prilika koja \u0107e, prema najavama meteorologa Nedima Sladi\u0107a, obilje\u017eiti \u010ditav mjesec i ostaviti sna\u017ean utisak na gra\u0111ane.<\/p>\n\n\n\n<p>Atmosfera iznad na\u0161e zemlje ulazi u fazu nestabilnosti koju meteorolozi \u010desto opisuju kao vremensku klackalicu. U takvim situacijama vrlo male razlike u temperaturi i strujanju zraka odlu\u010duju da li \u0107e padati ki\u0161a, susnje\u017eica ili snijeg, \u0161to prognozu \u010dini posebno zahtjevnom, ali i upozoravaju\u0107om.<\/p>\n\n\n\n<h3 class=\"wp-block-heading\">Centralna Bosna u grani\u010dnoj zoni padavina<\/h3>\n\n\n\n<p>Prema prognozi, centralni dijelovi Bosne nalaze se u takozvanoj grani\u010dnoj zoni. To zna\u010di da \u0107e se vremenski uslovi brzo mijenjati, a tip padavina zavisiti od sitnih promjena u atmosferi.<\/p>\n\n\n\n<p>Kratkotrajno jugo o\u010dekuje se po\u010detkom januara, ta\u010dnije oko 2. januara, nakon \u010dega slijedi naglo pogor\u0161anje vremena. Tokom drugog dana vikenda prognozirane su obilne padavine koje bi, u vrlo kratkom periodu, mogle donijeti koli\u010dinu ki\u0161e i snijega kakva se ina\u010de o\u010dekuje tokom cijelog januara.<\/p>\n\n\n\n<p>Ovakav scenario je neuobi\u010dajen za kontinentalna podru\u010dja, jer je januar tradicionalno jedan od su\u0161nijih mjeseci u godini. Upravo zato meteorolozi upozoravaju da \u0107e ovaj januar odstupati od prosjeka i po koli\u010dini padavina i po dinamici vremenskih promjena.<\/p>\n\n\n\n<h3 class=\"wp-block-heading\">Rizik od buji\u010dnih plavljenja u Hercegovini<\/h3>\n\n\n\n<p>Posebna pa\u017enja skre\u0107e se na Hercegovinu, gdje se zbog intenzivnih padavina u kratkom vremenskom periodu ne mo\u017ee isklju\u010diti mogu\u0107nost buji\u010dnih plavljenja. Mije\u0161anje razli\u010ditih zra\u010dnih masa preko centralnog planinskog pojasa stvara uslove za obilne oborine, naro\u010dito u ju\u017enim krajevima zemlje.<\/p>\n\n\n\n<p>Gra\u0111anima se savjetuje oprez, posebno u podru\u010djima sklonim naglom porastu vodostaja manjih rijeka i potoka.<\/p>\n\n\n\n<h3 class=\"wp-block-heading\">Te\u017eak i mokar snijeg \u0161irom Bosne<\/h3>\n\n\n\n<p>U ve\u0107em dijelu Bosne, kao i u vi\u0161im predjelima sjeverne Hercegovine, o\u010dekuje se i zna\u010dajna koli\u010dina te\u0161kog, mokrog snijega. Ovakav snijeg \u010desto stvara probleme u saobra\u0107aju, na elektroenergetskoj mre\u017ei i infrastrukturi, zbog \u010dega se preporu\u010duje dodatna priprema i oprez.<\/p>\n\n\n\n<p>Ta\u010dne visine snje\u017enog pokriva\u010da jo\u0161 je rano precizirati, jer prognoze ukazuju i na mogu\u0107nost pojave prehladne ki\u0161e u pojedinim danima, naro\u010dito kada topliji zrak prodire u vi\u0161e slojeve atmosfere, dok hladniji ostaje pri tlu.<\/p>\n\n\n\n<h3 class=\"wp-block-heading\">Dobra vijest za planine i zimsku sezonu<\/h3>\n\n\n\n<p>Ipak, nisu sve vijesti lo\u0161e. Planinski predjeli bi kona\u010dno mogli profitirati od ovakvog vremenskog razvoja. Stabilniji snje\u017eni pokriva\u010d omogu\u0107it \u0107e nesmetano odvijanje zimske turisti\u010dke sezone, \u0161to je dobra vijest za planinske centre i ljubitelje zimskih sportova.<\/p>\n\n\n\n<h3 class=\"wp-block-heading\">Januar koji odstupa od prosjeka<\/h3>\n\n\n\n<p>Sve prognoze ukazuju na to da \u0107e januar 2026. vrlo brzo postati izrazito vla\u017ean mjesec, s \u010destim padavinama i naglim promjenama vremena. Gra\u0111anima se savjetuje da redovno prate vremenske prognoze, prilagode putovanja i aktivnosti uslovima na terenu te obrate pa\u017enju na eventualna upozorenja nadle\u017enih slu\u017ebi.<\/p>\n\n\n\n<p>Ako je suditi po po\u010detku, januar 2026. \u0107e se zaista dugo pamtiti.<\/p>\n","protected":false},"excerpt":{"rendered":"<p>Nova godina u Bosni i Hercegovini ne po\u010dinje mirno. Ve\u0107 u prvim danima januara 2026. o\u010dekuje se izra\u017eena promjena vremenskih prilika koja \u0107e, prema najavama meteorologa Nedima Sladi\u0107a, obilje\u017eiti \u010ditav mjesec i ostaviti sna\u017ean utisak na gra\u0111ane. Atmosfera iznad na\u0161e zemlje ulazi u fazu nestabilnosti koju meteorolozi \u010desto opisuju kao vremensku klackalicu. U takvim situacijama [&hellip;]<\/p>\n","protected":false},"author":1,"featured_media":66627,"comment_status":"closed","ping_status":"closed","sticky":false,"template":"","format":"standard","meta":{"footnotes":""},"categories":[10],"tags":[],"class_list":["post-66626","post","type-post","status-publish","format-standard","has-post-thumbnail","hentry","category-zanimljivosti"],"_links":{"self":[{"href":"https:\/\/vaterpolosrbija.rs\/index.php?rest_route=\/wp\/v2\/posts\/66626","targetHints":{"allow":["GET"]}}],"collection":[{"href":"https:\/\/vaterpolosrbija.rs\/index.php?rest_route=\/wp\/v2\/posts"}],"about":[{"href":"https:\/\/vaterpolosrbija.rs\/index.php?rest_route=\/wp\/v2\/types\/post"}],"author":[{"embeddable":true,"href":"https:\/\/vaterpolosrbija.rs\/index.php?rest_route=\/wp\/v2\/users\/1"}],"replies":[{"embeddable":true,"href":"https:\/\/vaterpolosrbija.rs\/index.php?rest_route=%2Fwp%2Fv2%2Fcomments&post=66626"}],"version-history":[{"count":0,"href":"https:\/\/vaterpolosrbija.rs\/index.php?rest_route=\/wp\/v2\/posts\/66626\/revisions"}],"wp:featuredmedia":[{"embeddable":true,"href":"https:\/\/vaterpolosrbija.rs\/index.php?rest_route=\/wp\/v2\/media\/66627"}],"wp:attachment":[{"href":"https:\/\/vaterpolosrbija.rs\/index.php?rest_route=%2Fwp%2Fv2%2Fmedia&parent=66626"}],"wp:term":[{"taxonomy":"category","embeddable":true,"href":"https:\/\/vaterpolosrbija.rs\/index.php?rest_route=%2Fwp%2Fv2%2Fcategories&post=66626"},{"taxonomy":"post_tag","embeddable":true,"href":"https:\/\/vaterpolosrbija.rs\/index.php?rest_route=%2Fwp%2Fv2%2Ftags&post=66626"}],"curies":[{"name":"wp","href":"https:\/\/api.w.org\/{rel}","templated":true}]}}