{"id":66620,"date":"2026-01-02T16:42:20","date_gmt":"2026-01-02T14:42:20","guid":{"rendered":"https:\/\/kvalitetvremena.com\/?p=66620"},"modified":"2026-01-02T16:42:20","modified_gmt":"2026-01-02T14:42:20","slug":"grupa-dogani-prekinula-novogodisnji-nastup-u-njemackoj-tvrde-da-honorar-nije-isplacen","status":"publish","type":"post","link":"https:\/\/vaterpolosrbija.rs\/?p=66620","title":{"rendered":"Grupa \u0110ogani prekinula novogodi\u0161nji nastup u Njema\u010dkoj: Tvrde da honorar nije ispla\u0107en"},"content":{"rendered":"\n<p>Novogodi\u0161nja no\u0107 2026. godine u njema\u010dkom gradu Hagenu ostala je u sjeni neprijatnog doga\u0111aja koji je obilje\u017eio nastup popularne grupe \u0110ogani. Umjesto vi\u0161esatnog programa, publika je dobila tek dvadesetak minuta muzike, nakon \u010dega je nastup iznenada prekinut. Razlog, prema navodima \u010dlanova grupe, bio je neispunjen dogovor sa organizatorom.<\/p>\n\n\n\n<h3 class=\"wp-block-heading\">Prekid nastupa nakon 20 minuta<\/h3>\n\n\n\n<p>Grupa \u0110ogani je, prema unaprijed dogovorenom planu, trebala nastupiti tokom cijele novogodi\u0161nje ve\u010deri. Ipak, ve\u0107 nakon kratkog nastupa, \u0110ole \u0110ogani se obratio publici i objasnio da su on, njegova supruga Vesna, kao i muzi\u010dari ostali bez dogovorenog honorara.<\/p>\n\n\n\n<p>Prema njegovim rije\u010dima, organizator doga\u0111aja nije ispunio finansijske obaveze ni prema jednom izvo\u0111a\u010du te ve\u010deri. Uprkos tome, grupa je odlu\u010dila da iza\u0111e na binu i odr\u017ei jedan kra\u0107i blok, isklju\u010divo iz po\u0161tovanja prema publici koja je do\u0161la da proslavi Novu godinu.<\/p>\n\n\n\n<h3 class=\"wp-block-heading\">Navodi o neispla\u0107enom honoraru<\/h3>\n\n\n\n<p>U svom obra\u0107anju prisutnima, \u0110ole \u0110ogani je naveo da je osoba odgovorna za organizaciju doga\u0111aja Husein Velagi\u0107, te da novac nije ispla\u0107en nijednom izvo\u0111a\u010du. Istakao je da je prethodno insistirao da honorar bude ispla\u0107en prije samog nastupa, ali da se to nije dogodilo.<\/p>\n\n\n\n<p>Naglasio je i da grupa u tom trenutku nije \u017eeljela da pravi dodatne probleme publici, ve\u0107 da je osnovni cilj bio da gosti barem na kratko osjete novogodi\u0161nju atmosferu. Ipak, kako navodi, nastavak programa vi\u0161e nije bio mogu\u0107 jer organizator nije dozvolio dalji nastup bez razrije\u0161ene finansijske situacije.<\/p>\n\n\n\n<h3 class=\"wp-block-heading\">Poruka publici i kolegama<\/h3>\n\n\n\n<p>\u0110ole \u0110ogani je tokom obra\u0107anja zamolio goste da ne dozvole da im se raspolo\u017eenje pokvari zbog situacije na koju nisu mogli uticati. Pozvao ih je da nastave slavlje, u\u017eivaju u ve\u010deri i da ne krive izvo\u0111a\u010de zbog prekida programa.<\/p>\n\n\n\n<p>Istovremeno, uputio je poruku kolegama i publici da budu oprezni prilikom budu\u0107ih saradnji, nagla\u0161avaju\u0107i koliko su profesionalni odnosi i po\u0161tovanje dogovora va\u017eni za muzi\u010dku scenu, posebno kada su u pitanju veliki doga\u0111aji poput do\u010deka Nove godine.<\/p>\n\n\n\n<h3 class=\"wp-block-heading\">\u0160iri kontekst novogodi\u0161njih nastupa<\/h3>\n\n\n\n<p>Ovaj slu\u010daj iz Hagena dodatno je otvorio pitanje organizacije i profesionalnosti novogodi\u0161njih proslava, naro\u010dito onih koje se organizuju u inostranstvu. Novogodi\u0161nji nastupi \u010desto su najzahtjevniji, kako organizaciono tako i finansijski, a ovakve situacije ostavljaju negativan utisak i na izvo\u0111a\u010de i na publiku.<\/p>\n\n\n\n<p>Grupa \u0110ogani se, uprkos neprijatnom iskustvu, zahvalila publici na razumijevanju i podr\u0161ci, isti\u010du\u0107i da \u0107e i ubudu\u0107e nastaviti da po\u0161tuje svoju publiku i profesionalne standarde, bez obzira na okolnosti.<\/p>\n","protected":false},"excerpt":{"rendered":"<p>Novogodi\u0161nja no\u0107 2026. godine u njema\u010dkom gradu Hagenu ostala je u sjeni neprijatnog doga\u0111aja koji je obilje\u017eio nastup popularne grupe \u0110ogani. Umjesto vi\u0161esatnog programa, publika je dobila tek dvadesetak minuta muzike, nakon \u010dega je nastup iznenada prekinut. Razlog, prema navodima \u010dlanova grupe, bio je neispunjen dogovor sa organizatorom. Prekid nastupa nakon 20 minuta Grupa \u0110ogani [&hellip;]<\/p>\n","protected":false},"author":1,"featured_media":66621,"comment_status":"closed","ping_status":"closed","sticky":false,"template":"","format":"standard","meta":{"footnotes":""},"categories":[10],"tags":[],"class_list":["post-66620","post","type-post","status-publish","format-standard","has-post-thumbnail","hentry","category-zanimljivosti"],"_links":{"self":[{"href":"https:\/\/vaterpolosrbija.rs\/index.php?rest_route=\/wp\/v2\/posts\/66620","targetHints":{"allow":["GET"]}}],"collection":[{"href":"https:\/\/vaterpolosrbija.rs\/index.php?rest_route=\/wp\/v2\/posts"}],"about":[{"href":"https:\/\/vaterpolosrbija.rs\/index.php?rest_route=\/wp\/v2\/types\/post"}],"author":[{"embeddable":true,"href":"https:\/\/vaterpolosrbija.rs\/index.php?rest_route=\/wp\/v2\/users\/1"}],"replies":[{"embeddable":true,"href":"https:\/\/vaterpolosrbija.rs\/index.php?rest_route=%2Fwp%2Fv2%2Fcomments&post=66620"}],"version-history":[{"count":0,"href":"https:\/\/vaterpolosrbija.rs\/index.php?rest_route=\/wp\/v2\/posts\/66620\/revisions"}],"wp:featuredmedia":[{"embeddable":true,"href":"https:\/\/vaterpolosrbija.rs\/index.php?rest_route=\/wp\/v2\/media\/66621"}],"wp:attachment":[{"href":"https:\/\/vaterpolosrbija.rs\/index.php?rest_route=%2Fwp%2Fv2%2Fmedia&parent=66620"}],"wp:term":[{"taxonomy":"category","embeddable":true,"href":"https:\/\/vaterpolosrbija.rs\/index.php?rest_route=%2Fwp%2Fv2%2Fcategories&post=66620"},{"taxonomy":"post_tag","embeddable":true,"href":"https:\/\/vaterpolosrbija.rs\/index.php?rest_route=%2Fwp%2Fv2%2Ftags&post=66620"}],"curies":[{"name":"wp","href":"https:\/\/api.w.org\/{rel}","templated":true}]}}