{"id":66614,"date":"2026-01-02T15:57:41","date_gmt":"2026-01-02T13:57:41","guid":{"rendered":"https:\/\/kvalitetvremena.com\/?p=66614"},"modified":"2026-01-02T15:57:41","modified_gmt":"2026-01-02T13:57:41","slug":"snimci-tragedije-u-svicarskoj-otvorili-vazno-pitanje-gdje-prestaje-svjedocenje-a-pocinje-odgovornost","status":"publish","type":"post","link":"https:\/\/vaterpolosrbija.rs\/?p=66614","title":{"rendered":"Snimci tragedije u \u0160vicarskoj otvorili va\u017eno pitanje: Gdje prestaje svjedo\u010denje, a po\u010dinje odgovornost"},"content":{"rendered":"\n<p>\u0160vicarsku je potresla velika tragedija u luksuznom zimskom skijali\u0161tu Crans Montana, gdje je u po\u017earu koji je izbio u ranim jutarnjim satima stradalo vi\u0161e desetina ljudi, dok je veliki broj povrije\u0111enih zbrinut u bolnicama. Dok nadle\u017ene slu\u017ebe i dalje rade na utvr\u0111ivanju ta\u010dnih okolnosti nesre\u0107e, javnost \u0161irom Evrope uznemirena je jo\u0161 jednim aspektom ovog doga\u0111aja \u2013 pona\u0161anjem dijela svjedoka.<\/p>\n\n\n\n<p>Na dru\u0161tvenim mre\u017eama ubrzo su se pojavili brojni snimci nastali tokom tragedije. Zabilje\u017eene su dramati\u010dne scene haosa, panike i borbe za izlaz. Me\u0111utim, upravo ti snimci pokrenuli su ozbiljnu raspravu: da li je u takvim situacijama ispravno snimati ili je moralna obaveza poku\u0161ati pomo\u0107i koliko god je to mogu\u0107e?<\/p>\n\n\n\n<h3 class=\"wp-block-heading\">Etika snimanja u kriznim situacijama<\/h3>\n\n\n\n<p>Sve \u010de\u0161\u0107e smo svjedoci da ljudi u vanrednim okolnostima prvo posegnu za telefonom, a tek onda razmi\u0161ljaju o pomo\u0107i drugima. Iako snimci mogu imati odre\u0111enu dokumentarnu vrijednost i kasnije pomo\u0107i u rekonstrukciji doga\u0111aja, postavlja se pitanje granice izme\u0111u svjedo\u010denja i pasivnog posmatranja.<\/p>\n\n\n\n<p>Stru\u010dnjaci za krizne situacije isti\u010du da u trenucima neposredne opasnosti prioritet treba biti li\u010dna sigurnost i pomo\u0107 drugima, ukoliko to ne ugro\u017eava sopstveni \u017eivot. Snimanje, naro\u010dito ako ometa evakuaciju ili odvla\u010di pa\u017enju, mo\u017ee imati ozbiljne posljedice.<\/p>\n\n\n\n<h3 class=\"wp-block-heading\">Da li su dru\u0161tvene mre\u017ee promijenile na\u0161e reakcije<\/h3>\n\n\n\n<p>Psiholozi upozoravaju da potreba za dijeljenjem sadr\u017eaja i tra\u017eenjem pa\u017enje na dru\u0161tvenim mre\u017eama mo\u017ee umanjiti osje\u0107aj hitnosti i empatije. U stresnim situacijama ljudi ponekad nesvjesno biraju ulogu posmatra\u010da, jer im je emocionalno lak\u0161e da doga\u0111aj zabilje\u017ee nego da se direktno uklju\u010de.<\/p>\n\n\n\n<p>Komentari ispod objavljenih snimaka pokazuju duboku podijeljenost javnosti. Dok jedni tvrde da snimci poma\u017eu da se istina vidi i da se odgovorni pozovu na odgovornost, drugi smatraju da je takvo pona\u0161anje neeti\u010dno i nehumano.<\/p>\n\n\n\n<h3 class=\"wp-block-heading\">\u0160ta mo\u017eemo nau\u010diti iz ove tragedije<\/h3>\n\n\n\n<p>Tragedija u Crans Montani, osim ogromnog ljudskog gubitka, otvorila je va\u017eno dru\u0161tveno pitanje. U svijetu u kojem gotovo svako ima kameru u d\u017eepu, potrebno je podsjetiti se osnovnih ljudskih vrijednosti: solidarnosti, odgovornosti i empatije.<\/p>\n\n\n\n<p>U kriznim situacijama, svaka sekunda mo\u017ee biti presudna. Umjesto fokusiranja na snimanje i objavljivanje sadr\u017eaja, va\u017eno je razmisliti kako pomo\u0107i, pozvati nadle\u017ene slu\u017ebe ili barem ne ometati spasila\u010dke napore.<\/p>\n\n\n\n<p>Ova tragedija ostaje sna\u017ean podsjetnik da tehnologija nosi veliku mo\u0107, ali i veliku odgovornost. Na\u010din na koji je koristimo govori mnogo o dru\u0161tvu u kojem \u017eivimo.<\/p>\n","protected":false},"excerpt":{"rendered":"<p>\u0160vicarsku je potresla velika tragedija u luksuznom zimskom skijali\u0161tu Crans Montana, gdje je u po\u017earu koji je izbio u ranim jutarnjim satima stradalo vi\u0161e desetina ljudi, dok je veliki broj povrije\u0111enih zbrinut u bolnicama. Dok nadle\u017ene slu\u017ebe i dalje rade na utvr\u0111ivanju ta\u010dnih okolnosti nesre\u0107e, javnost \u0161irom Evrope uznemirena je jo\u0161 jednim aspektom ovog doga\u0111aja [&hellip;]<\/p>\n","protected":false},"author":1,"featured_media":66615,"comment_status":"closed","ping_status":"closed","sticky":false,"template":"","format":"standard","meta":{"footnotes":""},"categories":[10],"tags":[],"class_list":["post-66614","post","type-post","status-publish","format-standard","has-post-thumbnail","hentry","category-zanimljivosti"],"_links":{"self":[{"href":"https:\/\/vaterpolosrbija.rs\/index.php?rest_route=\/wp\/v2\/posts\/66614","targetHints":{"allow":["GET"]}}],"collection":[{"href":"https:\/\/vaterpolosrbija.rs\/index.php?rest_route=\/wp\/v2\/posts"}],"about":[{"href":"https:\/\/vaterpolosrbija.rs\/index.php?rest_route=\/wp\/v2\/types\/post"}],"author":[{"embeddable":true,"href":"https:\/\/vaterpolosrbija.rs\/index.php?rest_route=\/wp\/v2\/users\/1"}],"replies":[{"embeddable":true,"href":"https:\/\/vaterpolosrbija.rs\/index.php?rest_route=%2Fwp%2Fv2%2Fcomments&post=66614"}],"version-history":[{"count":0,"href":"https:\/\/vaterpolosrbija.rs\/index.php?rest_route=\/wp\/v2\/posts\/66614\/revisions"}],"wp:featuredmedia":[{"embeddable":true,"href":"https:\/\/vaterpolosrbija.rs\/index.php?rest_route=\/wp\/v2\/media\/66615"}],"wp:attachment":[{"href":"https:\/\/vaterpolosrbija.rs\/index.php?rest_route=%2Fwp%2Fv2%2Fmedia&parent=66614"}],"wp:term":[{"taxonomy":"category","embeddable":true,"href":"https:\/\/vaterpolosrbija.rs\/index.php?rest_route=%2Fwp%2Fv2%2Fcategories&post=66614"},{"taxonomy":"post_tag","embeddable":true,"href":"https:\/\/vaterpolosrbija.rs\/index.php?rest_route=%2Fwp%2Fv2%2Ftags&post=66614"}],"curies":[{"name":"wp","href":"https:\/\/api.w.org\/{rel}","templated":true}]}}