{"id":66613,"date":"2026-01-02T16:01:34","date_gmt":"2026-01-02T14:01:34","guid":{"rendered":"https:\/\/kvalitetvremena.com\/?p=66613"},"modified":"2026-01-02T16:01:34","modified_gmt":"2026-01-02T14:01:34","slug":"nesto-nije-u-redu-trenutak-na-porodaju-koji-nas-je-zauvek-promenio","status":"publish","type":"post","link":"https:\/\/vaterpolosrbija.rs\/?p=66613","title":{"rendered":"\u201eNe\u0161to nije u redu\u201c: trenutak na poro\u0111aju koji nas je zauvek promenio"},"content":{"rendered":"\n<p>Moja supruga i ja godinama smo \u010dekali ovaj dan. Iza nas su bile borbe, razo\u010daranja i tihe nade koje nismo delili ni sa kim. Dok je porodica \u010dekala ispred poro\u0111ajne sale, stajao sam uko\u010den izme\u0111u straha i uzbu\u0111enja, veruju\u0107i da \u0107e se, \u010dim se za\u010duje prvi pla\u010d, sve kona\u010dno slo\u017eiti na svoje mesto.<\/p>\n\n\n\n<p>Kada se beba oglasila, osetio sam olak\u0161anje kakvo nikada ranije nisam do\u017eiveo. Pomislio sam da je sve pro\u0161lo dobro.<\/p>\n\n\n\n<p>A onda je moja supruga povikala.<\/p>\n\n\n\n<p>\u201eTo nije moja beba!\u201c<\/p>\n\n\n\n<p>U njenom glasu nije bilo histerije, ve\u0107 \u010diste panike. Medicinska sestra poku\u0161avala je da je smiri, govore\u0107i da je sve u redu, ali moja supruga je odmahivala glavom, vidno uznemirena.<\/p>\n\n\n\n<p>U prostoriji je zavladala neprijatna ti\u0161ina. Doktor mi je dao znak da pri\u0111em. Poku\u0161ao sam da je pitam \u0161ta nije u redu, ali nije mogla da objasni \u2014 samo je drhtala i gledala ispred sebe.<\/p>\n\n\n\n<p>Tada sam pogledao bebu.<\/p>\n\n\n\n<p>I u tom trenutku shvatio sam da se ovaj dan ne\u0107e zavr\u0161iti onako kako smo zami\u0161ljali.<\/p>\n\n\n\n<h3 class=\"wp-block-heading\">Sumnja koju niko nije o\u010dekivao<\/h3>\n\n\n\n<p>Pri\u0161ao sam bli\u017ee, poku\u0161avaju\u0107i da razumem sopstvena ose\u0107anja. Nisam znao da li govorim iz straha ili iz instinkta, ali ne\u0161to mi je delovalo pogre\u0161no.<\/p>\n\n\n\n<p>Moja supruga je tada tiho rekla da je tokom trudno\u0107e imala ponavljaju\u0107i san \u2014 da joj neko odnosi dete i vra\u0107a drugo, uz obja\u0161njenje da \u201eniko ne\u0107e primetiti razliku\u201c. Nikada mi to ranije nije ispri\u010dala, bojala se da \u0107e zvu\u010dati nerazumno.<\/p>\n\n\n\n<p>Lekari su se pogledali i odlu\u010dili da obave dodatni pregled, za svaki slu\u010daj.<\/p>\n\n\n\n<p>Taj pregled trajao je znatno du\u017ee nego \u0161to smo o\u010dekivali. Pozvani su jo\u0161 \u010dlanovi osoblja, a nama je re\u010deno da sa\u010dekamo u susednoj prostoriji. Bez obja\u0161njenja.<\/p>\n\n\n\n<h3 class=\"wp-block-heading\">Istina koja je promenila sve<\/h3>\n\n\n\n<p>Nakon gotovo sat vremena, doktor je seo naspram nas i smireno objasnio da su uo\u010dene nepravilnosti koje zahtevaju proveru dokumentacije i procedura.<\/p>\n\n\n\n<p>Ubrzo se ispostavilo da su se dve \u017eene pora\u0111ale gotovo u isto vreme i da je tokom promene smene do\u0161lo do kratke, ali ozbiljne gre\u0161ke \u2014 bebe su na nekoliko minuta bile zamenjene.<\/p>\n\n\n\n<p>Gre\u0161ka koja bi, vrlo verovatno, pro\u0161la neprime\u0107eno da moja supruga nije reagovala odmah.<\/p>\n\n\n\n<p>Kada su nam doneli na\u0161e dete, moja supruga je zaplakala \u2014 ali ovog puta od prepoznavanja i olak\u0161anja.<\/p>\n\n\n\n<p>\u201eOvo je ona\u201c, rekla je tiho, privijaju\u0107i bebu uz sebe.<\/p>\n\n\n\n<h3 class=\"wp-block-heading\">Lekcija koju ne zaboravljamo<\/h3>\n\n\n\n<p>Bolnica se izvinila i pokrenula interne procedure. Druga porodica je, sre\u0107om, tako\u0111e brzo dobila svoje dete. Ipak, onih sat vremena neizvesnosti ostavilo je trag.<\/p>\n\n\n\n<p>Mojoj supruzi je trebalo vreme da se oporavi, ne fizi\u010dki, ve\u0107 emocionalno \u2014 od ose\u0107aja da njena zabrinutost u po\u010detku nije shva\u0107ena ozbiljno.<\/p>\n\n\n\n<p>Danas, dok gledam na\u0161u \u0107erku kako mirno spava, \u010desto se setim tog trenutka i shvatim koliko je va\u017eno slu\u0161ati unutra\u0161nji glas.<\/p>\n\n\n\n<h3 class=\"wp-block-heading\">Zaklju\u010dak<\/h3>\n\n\n\n<p>Ponekad instinkt nazivamo preterivanjem ili strahom.<br>A ponekad je to jedini signal da ne\u0161to nije u redu.<\/p>\n\n\n\n<p>Najve\u0107a hrabrost nije u tome da \u0107utimo i budemo \u201emirni\u201c,<br>ve\u0107 da ka\u017eemo istinu \u2014 \u010dak i onda kada nam niko ne veruje.<\/p>\n","protected":false},"excerpt":{"rendered":"<p>Moja supruga i ja godinama smo \u010dekali ovaj dan. Iza nas su bile borbe, razo\u010daranja i tihe nade koje nismo delili ni sa kim. Dok je porodica \u010dekala ispred poro\u0111ajne sale, stajao sam uko\u010den izme\u0111u straha i uzbu\u0111enja, veruju\u0107i da \u0107e se, \u010dim se za\u010duje prvi pla\u010d, sve kona\u010dno slo\u017eiti na svoje mesto. Kada se [&hellip;]<\/p>\n","protected":false},"author":1,"featured_media":66617,"comment_status":"closed","ping_status":"closed","sticky":false,"template":"","format":"standard","meta":{"footnotes":""},"categories":[12],"tags":[],"class_list":["post-66613","post","type-post","status-publish","format-standard","has-post-thumbnail","hentry","category-ispovijest"],"_links":{"self":[{"href":"https:\/\/vaterpolosrbija.rs\/index.php?rest_route=\/wp\/v2\/posts\/66613","targetHints":{"allow":["GET"]}}],"collection":[{"href":"https:\/\/vaterpolosrbija.rs\/index.php?rest_route=\/wp\/v2\/posts"}],"about":[{"href":"https:\/\/vaterpolosrbija.rs\/index.php?rest_route=\/wp\/v2\/types\/post"}],"author":[{"embeddable":true,"href":"https:\/\/vaterpolosrbija.rs\/index.php?rest_route=\/wp\/v2\/users\/1"}],"replies":[{"embeddable":true,"href":"https:\/\/vaterpolosrbija.rs\/index.php?rest_route=%2Fwp%2Fv2%2Fcomments&post=66613"}],"version-history":[{"count":0,"href":"https:\/\/vaterpolosrbija.rs\/index.php?rest_route=\/wp\/v2\/posts\/66613\/revisions"}],"wp:featuredmedia":[{"embeddable":true,"href":"https:\/\/vaterpolosrbija.rs\/index.php?rest_route=\/wp\/v2\/media\/66617"}],"wp:attachment":[{"href":"https:\/\/vaterpolosrbija.rs\/index.php?rest_route=%2Fwp%2Fv2%2Fmedia&parent=66613"}],"wp:term":[{"taxonomy":"category","embeddable":true,"href":"https:\/\/vaterpolosrbija.rs\/index.php?rest_route=%2Fwp%2Fv2%2Fcategories&post=66613"},{"taxonomy":"post_tag","embeddable":true,"href":"https:\/\/vaterpolosrbija.rs\/index.php?rest_route=%2Fwp%2Fv2%2Ftags&post=66613"}],"curies":[{"name":"wp","href":"https:\/\/api.w.org\/{rel}","templated":true}]}}