{"id":66603,"date":"2026-01-01T20:53:57","date_gmt":"2026-01-01T18:53:57","guid":{"rendered":"https:\/\/kvalitetvremena.com\/?p=66603"},"modified":"2026-01-01T20:53:57","modified_gmt":"2026-01-01T18:53:57","slug":"skandali-na-doceku-2026-grupa-dogani-i-nadica-ademov-prekinuli-nastupe-zbog-nepostenih-organizatora","status":"publish","type":"post","link":"https:\/\/vaterpolosrbija.rs\/?p=66603","title":{"rendered":"Skandali na do\u010deku 2026: Grupa \u0110ogani i Nadica Ademov prekinuli nastupe zbog nepo\u0161tenih organizatora"},"content":{"rendered":"\n<p>Novogodi\u0161nja no\u0107 2026. godine donijela je brojne nezaboravne trenutke za publiku, ali i neo\u010dekivane probleme za izvo\u0111a\u010de na doma\u0107oj i regionalnoj muzi\u010dkoj sceni. Dva poznata izvo\u0111a\u010da, grupa \u0110ogani i pjeva\u010dica Nadica Ademov, do\u017eivjeli su neprijatnosti zbog neprofesionalnog pona\u0161anja organizatora, \u0161to je dovelo do prekida njihovih nastupa.<\/p>\n\n\n\n<h3 class=\"wp-block-heading\">Grupa \u0110ogani prekinula nastup u Njema\u010dkoj<\/h3>\n\n\n\n<p>Na nastupu grupe \u0110ogani u njema\u010dkom gradu Hagenu, novogodi\u0161nja zabava zavr\u0161ila je skandalom. Organizator, kako tvrde \u010dlanovi grupe, pobjegao je s novcem i nije isplatio ni \u0110oleta i Vesnu \u0110ogani, niti prate\u0107e muzi\u010dare.<\/p>\n\n\n\n<p>Zbog toga su odlu\u010dili prekinuti nastup na samom do\u010deku. \u0110ole \u0110ogani se obratio publici i objasnio situaciju:<\/p>\n\n\n\n<ul class=\"wp-block-list\">\n<li>\u201eNikoga nije isplatio. Do\u0161li smo da odradimo jedan blok samo zbog vas, da biste u\u0161li sre\u0107ni u Novu godinu. Ina\u010de bih ve\u0107 rekao da ne dolazim dok ne dobijem dogovoreni iznos. Uradio sam ovo samo zbog publike, ali ne mo\u017eemo nastaviti dalje jer organizator ne \u017eeli da plati,\u201c rekao je \u0110ole \u0110ogani, dodaju\u0107i da su se muzi\u010dari na\u0161li u nezavidnoj situaciji.<\/li>\n<\/ul>\n\n\n\n<p>Njegove rije\u010di imale su cilj da smire publiku i da unato\u010d incidentu zadr\u017ee pozitivno raspolo\u017eenje:<\/p>\n\n\n\n<ul class=\"wp-block-list\">\n<li>\u201eVi mo\u017eete da sjedite i dalje, da pijete i u\u017eivate, ali mi ne mo\u017eemo nastaviti bez isplate. Budite raspolo\u017eeni, mi brinemo o vama,\u201c poru\u010dio je \u0110ole.<\/li>\n<\/ul>\n\n\n\n<h3 class=\"wp-block-heading\">Nadica Ademov prekinula nastup na Beogradskom sajmu<\/h3>\n\n\n\n<p>Isto tako, pjeva\u010dica Nadica Ademov do\u017eivjela je sli\u010dnu situaciju tokom novogodi\u0161njeg nastupa na Beogradskom sajmu. Ona je iza\u0161la na binu, ali je odlu\u010dila ne nastupati zbog nepo\u0161tovanja satnice i dogovora s organizatorima.<\/p>\n\n\n\n<p>Kolega Radi\u0161a Trajkovi\u0107 \u0110ani, koji je trebao nastupiti zajedno s njom, ispri\u010dao je publici detalje situacije:<\/p>\n\n\n\n<ul class=\"wp-block-list\">\n<li>\u201eDragi ljudi, izvinjavam se u svoje ime. Ve\u010deras ne\u0107u nastupati jer organizatori nisu ispo\u0161tovali dogovor. Hvala vam \u0161to ste do\u0161li iz Njema\u010dke, Austrije, Hrvatske\u2026 Nikada nisam ispala nekorektna prema publici, 15 godina radim i uvijek po\u0161tujem dogovor. Nadam se da \u0107emo se vidjeti nekom drugom prilikom. U\u017eivajte uz \u0110anija i sre\u0107na Nova godina,\u201c rekla je Ademov i si\u0161la s bine.<\/li>\n<\/ul>\n\n\n\n<h3 class=\"wp-block-heading\">Problemi s organizacijom doga\u0111aja u novogodi\u0161njoj no\u0107i<\/h3>\n\n\n\n<p>Ovi incidenti ukazuju na problem neprofesionalnih organizatora koji ugro\u017eavaju sigurnost i zadovoljstvo izvo\u0111a\u010da, ali i publike. Neispla\u0107eni honorari i ka\u0161njenja u satnici ne samo da naru\u0161avaju profesionalni odnos, ve\u0107 mogu dovesti i do prekida programa i negativnog iskustva za posjetioce.<\/p>\n\n\n\n<p>Stru\u010dnjaci za muzi\u010dku industriju isti\u010du da ovakve situacije mogu imati dugoro\u010dne posljedice po reputaciju doga\u0111aja i organizatora, te savjetuju izvo\u0111a\u010dima da unaprijed osiguraju ugovore koji garantuju isplatu i po\u0161tovanje dogovora.<\/p>\n\n\n\n<h3 class=\"wp-block-heading\">Pouka za izvo\u0111a\u010de i publiku<\/h3>\n\n\n\n<p>Novogodi\u0161nji doga\u0111aji \u010desto donose stres i intenzivan ritam nastupa. Ovi incidenti podsje\u0107aju da je profesionalna komunikacija i transparentnost organizatora klju\u010dna kako bi svi \u2013 i izvo\u0111a\u010di i gosti \u2013 imali pozitivno iskustvo. Publika, s druge strane, \u010desto ne zna \u0161ta se de\u0161ava iza kulisa, pa ovakvi prekidi mogu biti \u0161okantni, ali i razumljivi kada je rije\u010d o za\u0161titi prava izvo\u0111a\u010da.<\/p>\n\n\n\n<p>Novogodi\u0161nja no\u0107 2026. pokazala je da \u010dak i u najveselijim trenucima, profesionalizam i po\u0161tovanje dogovora moraju biti prioritet kako bi svi u\u017eivali u proslavi.<\/p>\n","protected":false},"excerpt":{"rendered":"<p>Novogodi\u0161nja no\u0107 2026. godine donijela je brojne nezaboravne trenutke za publiku, ali i neo\u010dekivane probleme za izvo\u0111a\u010de na doma\u0107oj i regionalnoj muzi\u010dkoj sceni. Dva poznata izvo\u0111a\u010da, grupa \u0110ogani i pjeva\u010dica Nadica Ademov, do\u017eivjeli su neprijatnosti zbog neprofesionalnog pona\u0161anja organizatora, \u0161to je dovelo do prekida njihovih nastupa. Grupa \u0110ogani prekinula nastup u Njema\u010dkoj Na nastupu grupe [&hellip;]<\/p>\n","protected":false},"author":1,"featured_media":66604,"comment_status":"closed","ping_status":"closed","sticky":false,"template":"","format":"standard","meta":{"footnotes":""},"categories":[10],"tags":[],"class_list":["post-66603","post","type-post","status-publish","format-standard","has-post-thumbnail","hentry","category-zanimljivosti"],"_links":{"self":[{"href":"https:\/\/vaterpolosrbija.rs\/index.php?rest_route=\/wp\/v2\/posts\/66603","targetHints":{"allow":["GET"]}}],"collection":[{"href":"https:\/\/vaterpolosrbija.rs\/index.php?rest_route=\/wp\/v2\/posts"}],"about":[{"href":"https:\/\/vaterpolosrbija.rs\/index.php?rest_route=\/wp\/v2\/types\/post"}],"author":[{"embeddable":true,"href":"https:\/\/vaterpolosrbija.rs\/index.php?rest_route=\/wp\/v2\/users\/1"}],"replies":[{"embeddable":true,"href":"https:\/\/vaterpolosrbija.rs\/index.php?rest_route=%2Fwp%2Fv2%2Fcomments&post=66603"}],"version-history":[{"count":0,"href":"https:\/\/vaterpolosrbija.rs\/index.php?rest_route=\/wp\/v2\/posts\/66603\/revisions"}],"wp:featuredmedia":[{"embeddable":true,"href":"https:\/\/vaterpolosrbija.rs\/index.php?rest_route=\/wp\/v2\/media\/66604"}],"wp:attachment":[{"href":"https:\/\/vaterpolosrbija.rs\/index.php?rest_route=%2Fwp%2Fv2%2Fmedia&parent=66603"}],"wp:term":[{"taxonomy":"category","embeddable":true,"href":"https:\/\/vaterpolosrbija.rs\/index.php?rest_route=%2Fwp%2Fv2%2Fcategories&post=66603"},{"taxonomy":"post_tag","embeddable":true,"href":"https:\/\/vaterpolosrbija.rs\/index.php?rest_route=%2Fwp%2Fv2%2Ftags&post=66603"}],"curies":[{"name":"wp","href":"https:\/\/api.w.org\/{rel}","templated":true}]}}