{"id":66594,"date":"2026-01-01T14:28:09","date_gmt":"2026-01-01T12:28:09","guid":{"rendered":"https:\/\/kvalitetvremena.com\/?p=66594"},"modified":"2026-01-01T14:28:09","modified_gmt":"2026-01-01T12:28:09","slug":"skandal-na-doceku-nove-godine-pjevacica-nadica-ademov-odbila-nastup-zbog-problema-sa-organizacijom","status":"publish","type":"post","link":"https:\/\/vaterpolosrbija.rs\/?p=66594","title":{"rendered":"Skandal na do\u010deku Nove godine: Pjeva\u010dica Nadica Ademov odbila nastup zbog problema sa organizacijom"},"content":{"rendered":"\n<p>Na Beogradskom sajmu ove godine, novogodi\u0161nji do\u010dek okupio je veliki broj posjetilaca i \u010detiri popularna izvo\u0111a\u010da \u2013 Darka Lazi\u0107a, Radi\u0161u Trajkovi\u0107a \u0110anija, Aleksandru Mladenovi\u0107 i Nadicu Ademov. Ipak, pa\u017enju javnosti privukao je skandal kada je pjeva\u010dica Nadica Ademov odlu\u010dila da ne nastupi, i to pred okupljenom publikom.<\/p>\n\n\n\n<h3 class=\"wp-block-heading\">Razlog otkazivanja nastupa<\/h3>\n\n\n\n<p>Prema rije\u010dima same pjeva\u010dice, problem je nastao zbog izmjene satnice njenog nastupa. Umjesto planiranog termina, njen nastup je pomjeren, te je trebalo da se pojavi tek u tri sata poslije pono\u0107i. Takva promjena, kako je objasnila, bila je nespojiva sa prethodnim dogovorom s organizatorima.<\/p>\n\n\n\n<p>\u201eDragi moji ljudi, izvinjavam se u svoje ime \u0161to ve\u010deras ne\u0107u nastupati ovdje, jer organizatori nisu ispo\u0161tovali dogovor. Hvala vam na svemu, dragi ljudi iz Njema\u010dke, Austrije, Hrvatske\u2026 Hvala vam \u0161to ste do\u0161li. Ja prema vama nikada nisam bila nekorektna \u2013 15 godina sam na sceni i uvijek sam po\u0161tovala dogovor. S obzirom na to da organizatori nisu ispo\u0161tovali na\u0161 dogovor, nadam se da \u0107emo se vidjeti nekom drugom prilikom. Hvala vam, u\u017eivajte uz na\u0161eg \u0110anija i sretna vam Nova godina\u201c, rekla je Nadica Ademov, nakon \u010dega je si\u0161la s bine.<\/p>\n\n\n\n<h3 class=\"wp-block-heading\">Reakcije publike<\/h3>\n\n\n\n<p>Posjetioci su ostali iznena\u0111eni i razo\u010darani, jer su mnogi do\u0161li upravo da je slu\u0161aju u\u017eivo. S obzirom na to da su nastupi drugih izvo\u0111a\u010da protekli bez problema, nezadovoljstvo publike najvi\u0161e se odnosilo na nedosljednost organizatora i iznenadnu odluku pjeva\u010dice.<\/p>\n\n\n\n<h3 class=\"wp-block-heading\">Va\u017enost po\u0161tovanja dogovora u muzi\u010dkoj industriji<\/h3>\n\n\n\n<p>Ovaj incident podsje\u0107a na zna\u010daj po\u0161tovanja dogovora izme\u0111u izvo\u0111a\u010da i organizatora doga\u0111aja. U muzi\u010dkoj industriji satnica nastupa, tehni\u010dke pripreme i logistika igraju klju\u010dnu ulogu, a njihovo nepo\u0161tovanje mo\u017ee dovesti do nesporazuma i razo\u010daranja publike.<\/p>\n\n\n\n<p>Nadica Ademov istakla je da je njena odluka da ne nastupi bila profesionalna i da je vi\u0161e puta u karijeri po\u0161tovala dogovore. Njena poruka posjetiocima pokazuje koliko je va\u017eno odr\u017eavati transparentnu komunikaciju izme\u0111u izvo\u0111a\u010da i organizatora, kako bi svi doga\u0111aji protekli bez problema.<\/p>\n\n\n\n<h3 class=\"wp-block-heading\">Zaklju\u010dak<\/h3>\n\n\n\n<p>Skandal na do\u010deku Nove godine jo\u0161 jednom potvr\u0111uje koliko su organizacija i po\u0161tovanje dogovora klju\u010dni za uspjeh velikih doga\u0111aja. Iako je publika bila razo\u010darana, odluka pjeva\u010dice pokazuje va\u017enost principa i profesionalnog pona\u0161anja u muzi\u010dkoj industriji.<\/p>\n\n\n\n<p>Ovo je podsjetnik svim organizatorima da pravovremeno i po\u0161teno planiranje satnice i komunikacija s izvo\u0111a\u010dima nisu samo formalnost, ve\u0107 klju\u010dni faktor za uspje\u0161an i siguran doga\u0111aj.<\/p>\n","protected":false},"excerpt":{"rendered":"<p>Na Beogradskom sajmu ove godine, novogodi\u0161nji do\u010dek okupio je veliki broj posjetilaca i \u010detiri popularna izvo\u0111a\u010da \u2013 Darka Lazi\u0107a, Radi\u0161u Trajkovi\u0107a \u0110anija, Aleksandru Mladenovi\u0107 i Nadicu Ademov. Ipak, pa\u017enju javnosti privukao je skandal kada je pjeva\u010dica Nadica Ademov odlu\u010dila da ne nastupi, i to pred okupljenom publikom. Razlog otkazivanja nastupa Prema rije\u010dima same pjeva\u010dice, problem [&hellip;]<\/p>\n","protected":false},"author":1,"featured_media":66595,"comment_status":"closed","ping_status":"closed","sticky":false,"template":"","format":"standard","meta":{"footnotes":""},"categories":[10],"tags":[],"class_list":["post-66594","post","type-post","status-publish","format-standard","has-post-thumbnail","hentry","category-zanimljivosti"],"_links":{"self":[{"href":"https:\/\/vaterpolosrbija.rs\/index.php?rest_route=\/wp\/v2\/posts\/66594","targetHints":{"allow":["GET"]}}],"collection":[{"href":"https:\/\/vaterpolosrbija.rs\/index.php?rest_route=\/wp\/v2\/posts"}],"about":[{"href":"https:\/\/vaterpolosrbija.rs\/index.php?rest_route=\/wp\/v2\/types\/post"}],"author":[{"embeddable":true,"href":"https:\/\/vaterpolosrbija.rs\/index.php?rest_route=\/wp\/v2\/users\/1"}],"replies":[{"embeddable":true,"href":"https:\/\/vaterpolosrbija.rs\/index.php?rest_route=%2Fwp%2Fv2%2Fcomments&post=66594"}],"version-history":[{"count":0,"href":"https:\/\/vaterpolosrbija.rs\/index.php?rest_route=\/wp\/v2\/posts\/66594\/revisions"}],"wp:featuredmedia":[{"embeddable":true,"href":"https:\/\/vaterpolosrbija.rs\/index.php?rest_route=\/wp\/v2\/media\/66595"}],"wp:attachment":[{"href":"https:\/\/vaterpolosrbija.rs\/index.php?rest_route=%2Fwp%2Fv2%2Fmedia&parent=66594"}],"wp:term":[{"taxonomy":"category","embeddable":true,"href":"https:\/\/vaterpolosrbija.rs\/index.php?rest_route=%2Fwp%2Fv2%2Fcategories&post=66594"},{"taxonomy":"post_tag","embeddable":true,"href":"https:\/\/vaterpolosrbija.rs\/index.php?rest_route=%2Fwp%2Fv2%2Ftags&post=66594"}],"curies":[{"name":"wp","href":"https:\/\/api.w.org\/{rel}","templated":true}]}}