{"id":66591,"date":"2026-01-01T14:18:09","date_gmt":"2026-01-01T12:18:09","guid":{"rendered":"https:\/\/kvalitetvremena.com\/?p=66591"},"modified":"2026-01-01T14:18:09","modified_gmt":"2026-01-01T12:18:09","slug":"kada-trudnica-ostane-bez-podrske-prica-o-pritisku-nasilju-i-potrebi-da-se-sacuva-zivot","status":"publish","type":"post","link":"https:\/\/vaterpolosrbija.rs\/?p=66591","title":{"rendered":"Kada trudnica ostane bez podr\u0161ke: Pri\u010da o pritisku, nasilju i potrebi da se sa\u010duva \u017eivot"},"content":{"rendered":"\n<p>Ovo je ispovijest koja ne tra\u017ei senzaciju, ve\u0107 razumijevanje. Govori o trenutku kada se povjerenje u braku slomi, o strahu koji se javlja onda kada je \u017eena najranjivija i o potrebi da se prepozna granica izme\u0111u braka i nasilja.<\/p>\n\n\n\n<h3 class=\"wp-block-heading\">Put koji nije smio da se desi<\/h3>\n\n\n\n<p>Bila sam u devetom mjesecu trudno\u0107e, svega desetak dana do termina. Umorna, te\u0161ka i zabrinuta, molila sam mu\u017ea da ne putujem na ro\u0111endan njegove majke. Razdaljina od gotovo 150 kilometara u tom stanju bila je prevelik napor. Ipak, moj glas nije bio dovoljan. Spakovali smo se i krenuli.<\/p>\n\n\n\n<p>Nedugo zatim osjetila sam da ne\u0161to nije u redu. Po\u010deo je poro\u0111aj. Umjesto brige i hitne reakcije, do\u010dekala me ljutnja. U tom trenutku shvatila sam da nisam sigurna, ni fizi\u010dki ni emotivno. Ono \u0161to je uslijedilo promijenilo je moj pogled na brak i \u017eivot.<\/p>\n\n\n\n<h3 class=\"wp-block-heading\">Trenutak kada pomo\u0107 dolazi od nepoznatog \u010dovjeka<\/h3>\n\n\n\n<p>Ostavljena bez podr\u0161ke, bez telefona i bez ikoga ko bi mi pomogao, na\u0161la sam se sama na ulici, u strahu za sebe i dijete. U takvim trenucima \u010dovjek lako izgubi nadu. Ipak, tada se pojavio neko koga nisam poznavala. Bez pitanja i bez osu\u0111ivanja, pomogao mi je da stignem do bolnice.<\/p>\n\n\n\n<p>Porod je pro\u0161ao, dijete je ro\u0111eno zdravo. Taj \u010din ljudskosti ostao mi je urezan u sje\u0107anje kao podsjetnik da dobrota postoji, \u010dak i kada je ne o\u010dekujemo.<\/p>\n\n\n\n<h3 class=\"wp-block-heading\">\u017divot nakon poro\u0111aja i ti\u0161ina koja boli<\/h3>\n\n\n\n<p>Tri mjeseca kasnije, moj \u017eivot se nije promijenio nabolje. Svakodnevica je ispunjena strahom, kontrolom i poni\u017eenjem. Umjesto sigurnosti, \u017eivim u neizvjesnosti. Umjesto podr\u0161ke, osje\u0107am krivicu bez razloga.<\/p>\n\n\n\n<p>U takvim okolnostima, misli \u010desto lutaju. \u010covjek tra\u017ei izlaz, tra\u017ei nadu, tra\u017ei nekoga ko \u0107e saslu\u0161ati. To je prirodna reakcija kada se dugo \u017eivi pod pritiskom.<\/p>\n\n\n\n<h3 class=\"wp-block-heading\">Va\u017ena poruka za sve koji se prepoznaju u ovoj pri\u010di<\/h3>\n\n\n\n<p>Ovo nije pri\u010da o romantici niti o bijegu u nepoznato. Ovo je pri\u010da o prepoznavanju nasilja i o pravu svakog \u010dovjeka na dostojanstven i siguran \u017eivot. Nasilje, bilo fizi\u010dko ili psihi\u010dko, nikada nije opravdano. Trudno\u0107a, maj\u010dinstvo i brak ne smiju biti izgovor za trpljenje.<\/p>\n\n\n\n<p>Ako se neko prepozna u ovim redovima, va\u017eno je znati da pomo\u0107 postoji. Razgovor s porodicom, bliskim prijateljima ili stru\u010dnim osobama mo\u017ee biti prvi korak ka promjeni. Svaka \u017eena ima pravo na sigurnost, po\u0161tovanje i \u017eivot bez straha.<\/p>\n\n\n\n<h3 class=\"wp-block-heading\">Snaga da se napravi prvi korak<\/h3>\n\n\n\n<p>Imati 22 godine i nositi teret koji ne pripada nijednoj mladoj osobi je previ\u0161e. \u017divot ne treba da bude borba za pre\u017eivljavanje, ve\u0107 prostor u kojem se gradi budu\u0107nost za sebe i dijete.<\/p>\n\n\n\n<p>Ova pri\u010da nije kraj. Ona je poziv da se nasilje ne pre\u0161utkuje i da se pomo\u0107 potra\u017ei na vrijeme. Jer nijedna \u017eena nije sama, \u010dak i kada se tako osje\u0107a.<\/p>\n","protected":false},"excerpt":{"rendered":"<p>Ovo je ispovijest koja ne tra\u017ei senzaciju, ve\u0107 razumijevanje. Govori o trenutku kada se povjerenje u braku slomi, o strahu koji se javlja onda kada je \u017eena najranjivija i o potrebi da se prepozna granica izme\u0111u braka i nasilja. Put koji nije smio da se desi Bila sam u devetom mjesecu trudno\u0107e, svega desetak dana [&hellip;]<\/p>\n","protected":false},"author":1,"featured_media":66592,"comment_status":"closed","ping_status":"closed","sticky":false,"template":"","format":"standard","meta":{"footnotes":""},"categories":[10],"tags":[],"class_list":["post-66591","post","type-post","status-publish","format-standard","has-post-thumbnail","hentry","category-zanimljivosti"],"_links":{"self":[{"href":"https:\/\/vaterpolosrbija.rs\/index.php?rest_route=\/wp\/v2\/posts\/66591","targetHints":{"allow":["GET"]}}],"collection":[{"href":"https:\/\/vaterpolosrbija.rs\/index.php?rest_route=\/wp\/v2\/posts"}],"about":[{"href":"https:\/\/vaterpolosrbija.rs\/index.php?rest_route=\/wp\/v2\/types\/post"}],"author":[{"embeddable":true,"href":"https:\/\/vaterpolosrbija.rs\/index.php?rest_route=\/wp\/v2\/users\/1"}],"replies":[{"embeddable":true,"href":"https:\/\/vaterpolosrbija.rs\/index.php?rest_route=%2Fwp%2Fv2%2Fcomments&post=66591"}],"version-history":[{"count":0,"href":"https:\/\/vaterpolosrbija.rs\/index.php?rest_route=\/wp\/v2\/posts\/66591\/revisions"}],"wp:featuredmedia":[{"embeddable":true,"href":"https:\/\/vaterpolosrbija.rs\/index.php?rest_route=\/wp\/v2\/media\/66592"}],"wp:attachment":[{"href":"https:\/\/vaterpolosrbija.rs\/index.php?rest_route=%2Fwp%2Fv2%2Fmedia&parent=66591"}],"wp:term":[{"taxonomy":"category","embeddable":true,"href":"https:\/\/vaterpolosrbija.rs\/index.php?rest_route=%2Fwp%2Fv2%2Fcategories&post=66591"},{"taxonomy":"post_tag","embeddable":true,"href":"https:\/\/vaterpolosrbija.rs\/index.php?rest_route=%2Fwp%2Fv2%2Ftags&post=66591"}],"curies":[{"name":"wp","href":"https:\/\/api.w.org\/{rel}","templated":true}]}}