{"id":66582,"date":"2026-01-01T13:42:19","date_gmt":"2026-01-01T11:42:19","guid":{"rendered":"https:\/\/kvalitetvremena.com\/?p=66582"},"modified":"2026-01-01T13:42:19","modified_gmt":"2026-01-01T11:42:19","slug":"politicka-neizvjesnost-u-srbiji-izbori-protesti-i-gubitak-povjerenja-gradana","status":"publish","type":"post","link":"https:\/\/vaterpolosrbija.rs\/?p=66582","title":{"rendered":"Politi\u010dka neizvjesnost u Srbiji: Izbori, protesti i gubitak povjerenja gra\u0111ana"},"content":{"rendered":"\n<p>Politi\u010dka scena u Srbiji posljednjih mjeseci ulazi u fazu poja\u010dane neizvjesnosti, u kojoj se sve \u010de\u0161\u0107e postavlja pitanje stabilnosti sistema i povjerenja gra\u0111ana u institucije. Javne rasprave, protesti i sve izra\u017eenije nezadovoljstvo ukazuju na duboku krizu politi\u010dkog dijaloga, a fokus javnosti naj\u010de\u0161\u0107e je usmjeren ka predsjedniku Srbije Aleksandru Vu\u010di\u0107u i odlukama koje stoje pred aktuelnom vla\u0161\u0107u.<\/p>\n\n\n\n<h3 class=\"wp-block-heading\">Izbori kao rje\u0161enje ili dodatni problem<\/h3>\n\n\n\n<p>Jedno od klju\u010dnih pitanja u ovom trenutku jeste raspisivanje vanrednih izbora. Dok dio javnosti smatra da bi izbori mogli donijeti izlaz iz krize i novu politi\u010dku energiju, drugi upozoravaju da bi oni, bez prethodnog vra\u0107anja povjerenja u izborni proces i institucije, samo produbili postoje\u0107e podjele.<\/p>\n\n\n\n<p>Upravo ta dilema stvara dodatni pritisak na vlast. Odlaganje izbora tuma\u010di se kao izbjegavanje odgovornosti, dok bi njihovo raspisivanje u atmosferi visokih tenzija moglo donijeti neizvjestan ishod i dodatnu politi\u010dku nestabilnost.<\/p>\n\n\n\n<h3 class=\"wp-block-heading\">Rast nezadovoljstva i promjena raspolo\u017eenja gra\u0111ana<\/h3>\n\n\n\n<p>Primjetno je da se u javnosti sve \u010de\u0161\u0107e govori o gubitku straha me\u0111u gra\u0111anima. Protesti, kritike i otvoreni zahtjevi za promjenama postali su dio svakodnevice, \u0161to analiti\u010dari vide kao znak da se politi\u010dka svijest dru\u0161tva mijenja. Gra\u0111ani sve glasnije izra\u017eavaju nezadovoljstvo ekonomskim prilikama, stanjem demokratije i na\u010dinom dono\u0161enja odluka.<\/p>\n\n\n\n<p>Simboli\u010dne pojave u javnom prostoru, koje vlast poku\u0161ava predstaviti kao izraz podr\u0161ke ili normalnosti, \u010desto izazivaju suprotan efekat i dodatno podsti\u010du kritike. Umjesto smirivanja tenzija, takvi potezi nerijetko postaju predmet ironije i dodatnih rasprava.<\/p>\n\n\n\n<h3 class=\"wp-block-heading\">Centralizacija mo\u0107i i njene posljedice<\/h3>\n\n\n\n<p>Jedan od \u010destih argumenata politi\u010dkih analiti\u010dara jeste da je dugogodi\u0161nja centralizacija mo\u0107i dovela do situacije u kojoj se ve\u0107ina odgovornosti ve\u017ee za jednu politi\u010dku figuru. U trenucima krize, takav model upravljanja pokazuje slabosti, jer svaki potez ima dalekose\u017ene posljedice, a prostor za kompromis i dijalog postaje sve u\u017ei.<\/p>\n\n\n\n<p>Unutar vladaju\u0107e strukture tako\u0111e se pojavljuju znakovi unutra\u0161njih neslaganja, \u0161to dodatno komplikuje dono\u0161enje odluka i javni nastup vlasti.<\/p>\n\n\n\n<h3 class=\"wp-block-heading\">\u0160ta slijedi u narednom periodu<\/h3>\n\n\n\n<p>Srbija se nalazi na prekretnici na kojoj \u0107e naredni politi\u010dki potezi imati dugoro\u010dan uticaj. Povratak povjerenja gra\u0111ana, ja\u010danje institucija i otvaranje prostora za stvarni dijalog name\u0107u se kao klju\u010dni koraci ka stabilizaciji dru\u0161tva.<\/p>\n\n\n\n<p>Bez obzira na to da li \u0107e izbori biti raspisani uskoro ili kasnije, jasno je da gra\u0111ani o\u010dekuju konkretne promjene, transparentnost i odgovornost. U suprotnom, nezadovoljstvo \u0107e nastaviti da raste, a politi\u010dka kriza bi mogla u\u0107i u jo\u0161 slo\u017eeniju fazu.<\/p>\n\n\n\n<p>Ovaj period predstavlja test za cijeli politi\u010dki sistem, ali i priliku da se kroz mirne i demokratske procese prona\u0111e odr\u017eivo rje\u0161enje koje \u0107e odgovoriti na stvarne potrebe dru\u0161tva.<\/p>\n","protected":false},"excerpt":{"rendered":"<p>Politi\u010dka scena u Srbiji posljednjih mjeseci ulazi u fazu poja\u010dane neizvjesnosti, u kojoj se sve \u010de\u0161\u0107e postavlja pitanje stabilnosti sistema i povjerenja gra\u0111ana u institucije. Javne rasprave, protesti i sve izra\u017eenije nezadovoljstvo ukazuju na duboku krizu politi\u010dkog dijaloga, a fokus javnosti naj\u010de\u0161\u0107e je usmjeren ka predsjedniku Srbije Aleksandru Vu\u010di\u0107u i odlukama koje stoje pred aktuelnom [&hellip;]<\/p>\n","protected":false},"author":1,"featured_media":66583,"comment_status":"closed","ping_status":"closed","sticky":false,"template":"","format":"standard","meta":{"footnotes":""},"categories":[11],"tags":[],"class_list":["post-66582","post","type-post","status-publish","format-standard","has-post-thumbnail","hentry","category-politika"],"_links":{"self":[{"href":"https:\/\/vaterpolosrbija.rs\/index.php?rest_route=\/wp\/v2\/posts\/66582","targetHints":{"allow":["GET"]}}],"collection":[{"href":"https:\/\/vaterpolosrbija.rs\/index.php?rest_route=\/wp\/v2\/posts"}],"about":[{"href":"https:\/\/vaterpolosrbija.rs\/index.php?rest_route=\/wp\/v2\/types\/post"}],"author":[{"embeddable":true,"href":"https:\/\/vaterpolosrbija.rs\/index.php?rest_route=\/wp\/v2\/users\/1"}],"replies":[{"embeddable":true,"href":"https:\/\/vaterpolosrbija.rs\/index.php?rest_route=%2Fwp%2Fv2%2Fcomments&post=66582"}],"version-history":[{"count":0,"href":"https:\/\/vaterpolosrbija.rs\/index.php?rest_route=\/wp\/v2\/posts\/66582\/revisions"}],"wp:featuredmedia":[{"embeddable":true,"href":"https:\/\/vaterpolosrbija.rs\/index.php?rest_route=\/wp\/v2\/media\/66583"}],"wp:attachment":[{"href":"https:\/\/vaterpolosrbija.rs\/index.php?rest_route=%2Fwp%2Fv2%2Fmedia&parent=66582"}],"wp:term":[{"taxonomy":"category","embeddable":true,"href":"https:\/\/vaterpolosrbija.rs\/index.php?rest_route=%2Fwp%2Fv2%2Fcategories&post=66582"},{"taxonomy":"post_tag","embeddable":true,"href":"https:\/\/vaterpolosrbija.rs\/index.php?rest_route=%2Fwp%2Fv2%2Ftags&post=66582"}],"curies":[{"name":"wp","href":"https:\/\/api.w.org\/{rel}","templated":true}]}}