{"id":66579,"date":"2026-01-01T13:32:20","date_gmt":"2026-01-01T11:32:20","guid":{"rendered":"https:\/\/kvalitetvremena.com\/?p=66579"},"modified":"2026-01-01T13:32:20","modified_gmt":"2026-01-01T11:32:20","slug":"tragican-dogadaj-u-novom-pazaru-preminuo-pripadnik-ministarstva-unutrasnjih-poslova","status":"publish","type":"post","link":"https:\/\/vaterpolosrbija.rs\/?p=66579","title":{"rendered":"Tragi\u010dan doga\u0111aj u Novom Pazaru: Preminuo pripadnik Ministarstva unutra\u0161njih poslova"},"content":{"rendered":"\n<p>U Novom Pazaru je 30. decembra zabilje\u017een tragi\u010dan doga\u0111aj u kojem je \u017eivot izgubio pripadnik Ministarstva unutra\u0161njih poslova, zaposlen u Sektoru unutra\u0161nje kontrole. Informacija je potvr\u0111ena iz policijskih izvora, a slu\u010daj je potresao lokalnu zajednicu.<\/p>\n\n\n\n<p>Prema dostupnim podacima, porodica je tokom dana prijavila njegov nestanak, nakon \u0161to se od jutarnjih sati nije vratio ku\u0107i niti se javljao. Policija je odmah reagovala i pokrenula potragu, u skladu s propisanim procedurama.<\/p>\n\n\n\n<p>Nedugo zatim, prona\u0111eno je be\u017eivotno tijelo, a na mjesto doga\u0111aja iza\u0161le su nadle\u017ene slu\u017ebe. Uvi\u0111aj je obavljen po nalogu nadle\u017enog tu\u017eila\u0161tva, koje vodi daljnje postupanje u ovom slu\u010daju. Zvani\u010dne institucije navode da se smrt vodi kao samoubistvo, dok \u0107e sve okolnosti koje su prethodile ovom doga\u0111aju biti detaljno ispitane.<\/p>\n\n\n\n<p>Ovakvi slu\u010dajevi podsje\u0107aju na va\u017enost brige o mentalnom zdravlju, naro\u010dito u profesijama koje nose veliki stepen odgovornosti i pritiska. Stru\u010dnjaci \u010desto isti\u010du da je otvoren razgovor, pravovremena podr\u0161ka i razumijevanje okoline od klju\u010dnog zna\u010daja za prevenciju tragi\u010dnih ishoda.<\/p>\n\n\n\n<p>Nadle\u017ene institucije zasad se nisu dodatno ogla\u0161avale, a javnost se poziva na uzdr\u017eanost i po\u0161tovanje privatnosti porodice i kolega preminulog u ovom te\u0161kom periodu.<\/p>\n","protected":false},"excerpt":{"rendered":"<p>U Novom Pazaru je 30. decembra zabilje\u017een tragi\u010dan doga\u0111aj u kojem je \u017eivot izgubio pripadnik Ministarstva unutra\u0161njih poslova, zaposlen u Sektoru unutra\u0161nje kontrole. Informacija je potvr\u0111ena iz policijskih izvora, a slu\u010daj je potresao lokalnu zajednicu. Prema dostupnim podacima, porodica je tokom dana prijavila njegov nestanak, nakon \u0161to se od jutarnjih sati nije vratio ku\u0107i niti [&hellip;]<\/p>\n","protected":false},"author":1,"featured_media":66580,"comment_status":"closed","ping_status":"closed","sticky":false,"template":"","format":"standard","meta":{"footnotes":""},"categories":[10],"tags":[],"class_list":["post-66579","post","type-post","status-publish","format-standard","has-post-thumbnail","hentry","category-zanimljivosti"],"_links":{"self":[{"href":"https:\/\/vaterpolosrbija.rs\/index.php?rest_route=\/wp\/v2\/posts\/66579","targetHints":{"allow":["GET"]}}],"collection":[{"href":"https:\/\/vaterpolosrbija.rs\/index.php?rest_route=\/wp\/v2\/posts"}],"about":[{"href":"https:\/\/vaterpolosrbija.rs\/index.php?rest_route=\/wp\/v2\/types\/post"}],"author":[{"embeddable":true,"href":"https:\/\/vaterpolosrbija.rs\/index.php?rest_route=\/wp\/v2\/users\/1"}],"replies":[{"embeddable":true,"href":"https:\/\/vaterpolosrbija.rs\/index.php?rest_route=%2Fwp%2Fv2%2Fcomments&post=66579"}],"version-history":[{"count":0,"href":"https:\/\/vaterpolosrbija.rs\/index.php?rest_route=\/wp\/v2\/posts\/66579\/revisions"}],"wp:featuredmedia":[{"embeddable":true,"href":"https:\/\/vaterpolosrbija.rs\/index.php?rest_route=\/wp\/v2\/media\/66580"}],"wp:attachment":[{"href":"https:\/\/vaterpolosrbija.rs\/index.php?rest_route=%2Fwp%2Fv2%2Fmedia&parent=66579"}],"wp:term":[{"taxonomy":"category","embeddable":true,"href":"https:\/\/vaterpolosrbija.rs\/index.php?rest_route=%2Fwp%2Fv2%2Fcategories&post=66579"},{"taxonomy":"post_tag","embeddable":true,"href":"https:\/\/vaterpolosrbija.rs\/index.php?rest_route=%2Fwp%2Fv2%2Ftags&post=66579"}],"curies":[{"name":"wp","href":"https:\/\/api.w.org\/{rel}","templated":true}]}}